{"id":44138,"date":"2022-01-17T13:50:33","date_gmt":"2022-01-17T16:50:33","guid":{"rendered":"https:\/\/www.centraldenoticias.com.ar\/?p=44138"},"modified":"2022-01-17T14:19:29","modified_gmt":"2022-01-17T17:19:29","slug":"el-mte-se-movilizo-en-el-juzgado-de-faltas-y-traslado-el-reclamo-al-municipio","status":"publish","type":"post","link":"https:\/\/cdnoticias.com\/index.php\/2022\/01\/17\/el-mte-se-movilizo-en-el-juzgado-de-faltas-y-traslado-el-reclamo-al-municipio\/","title":{"rendered":"El MTE se moviliz\u00f3 en el Juzgado de Faltas y traslad\u00f3 el reclamo al Municipio"},"content":{"rendered":"<p>No obtuvieron una respuesta afirmativa y fueron hasta el Palacio San Mart\u00edn por las infracciones a feriantes. Fueron recibidos por el Secretario Hilario Galli. <!--more--><\/p>\n<hr \/>\n<p>En la ma\u00f1ana de este lunes,<strong> integrantes de todas las ramas del Movimiento de Trabajadores Excluidos (MTE) se movilizaron en primera instancia al Juzgado de Faltas y posteriormente al Palacio San Mart\u00edn en reclamo de una respuesta por infracciones recibidas a feriantes en el Cors\u00f3dromo, en la zona del edificio de El Provincial.<\/strong><\/p>\n<p>&nbsp;<\/p>\n<p>En primera instancia, y tal como hab\u00edan anunciado, <strong>medio centenar de manifestantes acudieron al Juzgado de Faltas<\/strong>, lugar donde las personas infraccionadas iban a emitir su descargo ante el Juez, el doctor Luciano Blanco.<strong> Sin embargo, solo presentaron documentaci\u00f3n ante una secretaria e indicaron que en 10 d\u00edas les enviar\u00edan una resoluci\u00f3n a sus respectivos domicilios.<\/strong><\/p>\n<p>&nbsp;<\/p>\n<p>Mariana Sebrero, una de las damnificadas, explic\u00f3 que <em>\u201cel reclamo es que nos dejen trabajar, lo \u00fanico que pedimos\u201d<\/em>. Se\u00f1al\u00f3 que <em>\u201cla acusaci\u00f3n que dice en el papel es que no tenemos permiso. Cuando quisimos tramitar el permiso, el 24 de noviembre del a\u00f1o pasado, con la primera infracci\u00f3n. Se mand\u00f3 todo y no recibimos respuestas de parte del Municipio\u201d.<\/em><\/p>\n<p>&nbsp;<\/p>\n<p><img data-recalc-dims=\"1\" loading=\"lazy\" decoding=\"async\" class=\"alignnone size-large wp-image-44144\" src=\"https:\/\/i0.wp.com\/cdnoticias.com\/wp-content\/uploads\/2022\/01\/marcha-MTE5.jpg?resize=800%2C445&#038;ssl=1\" alt=\"\" width=\"800\" height=\"445\" srcset=\"https:\/\/i0.wp.com\/cdnoticias.com\/wp-content\/uploads\/2022\/01\/marcha-MTE5-scaled.jpg?resize=1024%2C570&amp;ssl=1 1024w, https:\/\/i0.wp.com\/cdnoticias.com\/wp-content\/uploads\/2022\/01\/marcha-MTE5-scaled.jpg?resize=300%2C167&amp;ssl=1 300w, https:\/\/i0.wp.com\/cdnoticias.com\/wp-content\/uploads\/2022\/01\/marcha-MTE5-scaled.jpg?resize=768%2C427&amp;ssl=1 768w, https:\/\/i0.wp.com\/cdnoticias.com\/wp-content\/uploads\/2022\/01\/marcha-MTE5-scaled.jpg?resize=1536%2C854&amp;ssl=1 1536w, https:\/\/i0.wp.com\/cdnoticias.com\/wp-content\/uploads\/2022\/01\/marcha-MTE5-scaled.jpg?resize=2048%2C1139&amp;ssl=1 2048w, https:\/\/i0.wp.com\/cdnoticias.com\/wp-content\/uploads\/2022\/01\/marcha-MTE5-scaled.jpg?resize=800%2C445&amp;ssl=1 800w, https:\/\/i0.wp.com\/cdnoticias.com\/wp-content\/uploads\/2022\/01\/marcha-MTE5-scaled.jpg?w=1600&amp;ssl=1 1600w, https:\/\/i0.wp.com\/cdnoticias.com\/wp-content\/uploads\/2022\/01\/marcha-MTE5-scaled.jpg?w=2400&amp;ssl=1 2400w\" sizes=\"auto, (max-width: 800px) 100vw, 800px\" \/><\/p>\n<p>&nbsp;<\/p>\n<p>Indic\u00f3 que la situaci\u00f3n se complejiz\u00f3<em> \u201cdespu\u00e9s de las elecciones\u201d<\/em> mediante pasadas \u201c<em>de un m\u00f3vil policial por la calle del Cors\u00f3dromo, un sector de las luces no se prend\u00eda. Solo se prend\u00eda de la Necochea para el otro lado. No s\u00e9 si ser\u00e1 por un tema de luminaria o porque alguien lo estaba manejando\u201d.<\/em><\/p>\n<p>&nbsp;<\/p>\n<p><img data-recalc-dims=\"1\" loading=\"lazy\" decoding=\"async\" class=\"alignnone size-large wp-image-44143\" src=\"https:\/\/i0.wp.com\/cdnoticias.com\/wp-content\/uploads\/2022\/01\/marcha-MTE4.jpg?resize=800%2C445&#038;ssl=1\" alt=\"\" width=\"800\" height=\"445\" srcset=\"https:\/\/i0.wp.com\/cdnoticias.com\/wp-content\/uploads\/2022\/01\/marcha-MTE4-scaled.jpg?resize=1024%2C570&amp;ssl=1 1024w, https:\/\/i0.wp.com\/cdnoticias.com\/wp-content\/uploads\/2022\/01\/marcha-MTE4-scaled.jpg?resize=300%2C167&amp;ssl=1 300w, https:\/\/i0.wp.com\/cdnoticias.com\/wp-content\/uploads\/2022\/01\/marcha-MTE4-scaled.jpg?resize=768%2C427&amp;ssl=1 768w, https:\/\/i0.wp.com\/cdnoticias.com\/wp-content\/uploads\/2022\/01\/marcha-MTE4-scaled.jpg?resize=1536%2C855&amp;ssl=1 1536w, https:\/\/i0.wp.com\/cdnoticias.com\/wp-content\/uploads\/2022\/01\/marcha-MTE4-scaled.jpg?resize=2048%2C1140&amp;ssl=1 2048w, https:\/\/i0.wp.com\/cdnoticias.com\/wp-content\/uploads\/2022\/01\/marcha-MTE4-scaled.jpg?resize=800%2C445&amp;ssl=1 800w, https:\/\/i0.wp.com\/cdnoticias.com\/wp-content\/uploads\/2022\/01\/marcha-MTE4-scaled.jpg?w=1600&amp;ssl=1 1600w, https:\/\/i0.wp.com\/cdnoticias.com\/wp-content\/uploads\/2022\/01\/marcha-MTE4-scaled.jpg?w=2400&amp;ssl=1 2400w\" sizes=\"auto, (max-width: 800px) 100vw, 800px\" \/><\/p>\n<p>&nbsp;<\/p>\n<blockquote><p>Durante el \u00faltimo fin de semana <strong><em>\u201cno tuvimos inconvenientes, el m\u00f3vil pas\u00f3 por alrededores, no por el medio. Tuvimos una linda jornada, entregamos juguetes a ni\u00f1os que nos fueron dados. Vinieron los reyes as\u00ed que fue una linda jornada\u201d.<\/em><\/strong><\/p><\/blockquote>\n<p>&nbsp;<\/p>\n<p><em>\u201c<strong>Somos alrededor de 70 familias involucradas que es el \u00fanico ingreso que tenemos a ra\u00edz de la crisis sanitaria.<\/strong> Muchos han sido despedidos, la mayor\u00eda pone dinero de su bolsillo. A veces se llevan la mercader\u00eda a su casa, muchos invierten su tiempo para elaborar para la feria\u201d<\/em> cerraron.<\/p>\n<p>&nbsp;<\/p>\n<p>Tras esa respuesta, se movilizaron hacia el Palacio San Mart\u00edn donde <strong>fueron recibidos por el secretario de Gobierno, Hilario Galli, para tratar de llegar a una soluci\u00f3n al conflicto.<\/strong><\/p>\n","protected":false},"excerpt":{"rendered":"<p>No obtuvieron una respuesta afirmativa y fueron hasta el Palacio San Mart\u00edn por las infracciones a feriantes. Fueron recibidos por<\/p>\n","protected":false},"author":2,"featured_media":44147,"comment_status":"closed","ping_status":"closed","sticky":false,"template":"","format":"standard","meta":{"_jetpack_memberships_contains_paid_content":false,"footnotes":""},"categories":[5,1],"tags":[],"class_list":["post-44138","post","type-post","status-publish","format-standard","has-post-thumbnail","hentry","category-informacion-general","category-portada"],"jetpack_featured_media_url":"https:\/\/i0.wp.com\/cdnoticias.com\/wp-content\/uploads\/2022\/01\/marcha-MTE8-scaled.jpg?fit=2560%2C1424&ssl=1","jetpack_sharing_enabled":true,"_links":{"self":[{"href":"https:\/\/cdnoticias.com\/index.php\/wp-json\/wp\/v2\/posts\/44138","targetHints":{"allow":["GET"]}}],"collection":[{"href":"https:\/\/cdnoticias.com\/index.php\/wp-json\/wp\/v2\/posts"}],"about":[{"href":"https:\/\/cdnoticias.com\/index.php\/wp-json\/wp\/v2\/types\/post"}],"author":[{"embeddable":true,"href":"https:\/\/cdnoticias.com\/index.php\/wp-json\/wp\/v2\/users\/2"}],"replies":[{"embeddable":true,"href":"https:\/\/cdnoticias.com\/index.php\/wp-json\/wp\/v2\/comments?post=44138"}],"version-history":[{"count":0,"href":"https:\/\/cdnoticias.com\/index.php\/wp-json\/wp\/v2\/posts\/44138\/revisions"}],"wp:featuredmedia":[{"embeddable":true,"href":"https:\/\/cdnoticias.com\/index.php\/wp-json\/wp\/v2\/media\/44147"}],"wp:attachment":[{"href":"https:\/\/cdnoticias.com\/index.php\/wp-json\/wp\/v2\/media?parent=44138"}],"wp:term":[{"taxonomy":"category","embeddable":true,"href":"https:\/\/cdnoticias.com\/index.php\/wp-json\/wp\/v2\/categories?post=44138"},{"taxonomy":"post_tag","embeddable":true,"href":"https:\/\/cdnoticias.com\/index.php\/wp-json\/wp\/v2\/tags?post=44138"}],"curies":[{"name":"wp","href":"https:\/\/api.w.org\/{rel}","templated":true}]}}