{"id":44135,"date":"2022-01-17T12:45:08","date_gmt":"2022-01-17T15:45:08","guid":{"rendered":"https:\/\/www.centraldenoticias.com.ar\/?p=44135"},"modified":"2022-01-18T07:49:35","modified_gmt":"2022-01-18T10:49:35","slug":"con-modificaciones-anunciaron-la-fecha-de-eleccion-de-delegados-de-las-localidades","status":"publish","type":"post","link":"https:\/\/cdnoticias.com\/index.php\/2022\/01\/17\/con-modificaciones-anunciaron-la-fecha-de-eleccion-de-delegados-de-las-localidades\/","title":{"rendered":"Con modificaciones, anunciaron la fecha de elecci\u00f3n de delegados de las localidades"},"content":{"rendered":"<p>Ser\u00e1 el 10 de abril en todas las localidades del Partido. Los actuales delegados podr\u00e1n ser reelegidos si lo desean, y habr\u00e1 un piso m\u00ednimo de votantes para validar los comicios del 40%.<!--more--><\/p>\n<hr \/>\n<p>En conferencia de prensa este lunes,<strong> el Intendente Galli anunci\u00f3 la realizaci\u00f3n de las elecciones de delegados de las localidades: ser\u00e1 el 10 de abril de 10 a 16 horas.<\/strong> Hubo novedades con respecto a su anterior edici\u00f3n y los actuales delegados podr\u00e1n presentarse.<\/p>\n<p>&nbsp;<\/p>\n<p>El jefe comunal estuvo acompa\u00f1ado por el secretario de Gobierno Hilario Galli, el subsecretario del \u00e1rea Emilio Vitale y el director de Delegaciones C\u00e9sar Bournot.<\/p>\n<p>&nbsp;<\/p>\n<p><img data-recalc-dims=\"1\" loading=\"lazy\" decoding=\"async\" class=\"alignnone size-full wp-image-44133\" src=\"https:\/\/i0.wp.com\/cdnoticias.com\/wp-content\/uploads\/2022\/01\/conferencia-eleccion-de-delegados-01.jpg?resize=800%2C446&#038;ssl=1\" alt=\"\" width=\"800\" height=\"446\" srcset=\"https:\/\/i0.wp.com\/cdnoticias.com\/wp-content\/uploads\/2022\/01\/conferencia-eleccion-de-delegados-01.jpg?w=800&amp;ssl=1 800w, https:\/\/i0.wp.com\/cdnoticias.com\/wp-content\/uploads\/2022\/01\/conferencia-eleccion-de-delegados-01.jpg?resize=300%2C167&amp;ssl=1 300w, https:\/\/i0.wp.com\/cdnoticias.com\/wp-content\/uploads\/2022\/01\/conferencia-eleccion-de-delegados-01.jpg?resize=768%2C428&amp;ssl=1 768w\" sizes=\"auto, (max-width: 800px) 100vw, 800px\" \/><\/p>\n<p>&nbsp;<\/p>\n<p>En primera instancia, Galli record\u00f3 que<em> \u201ctuvimos que suspender la consulta en 2020, por la situaci\u00f3n sanitaria que nos atraves\u00f3 y prorrogamos los mandatos, por lo tanto el primer trimestre del a\u00f1o pasado qued\u00f3 anulado y se vuelve arrancar con el nuevo calendario\u201d<\/em>.<\/p>\n<p>&nbsp;<\/p>\n<blockquote><p><em>\u201cEs un sistema de boleta \u00fanica. Los aspirantes deber\u00e1n presentar documentaci\u00f3n en distintas fechas seg\u00fan cada localidad. Habr\u00e1 reuniones orientativas para que los postulantes puedan presentar todo como corresponde. Cada uno deber\u00e1 retirar documentaci\u00f3n,<strong> con la presentaci\u00f3n del 8% de avales del padr\u00f3n de cada comunidad y con un piso del 40%\u201d<\/strong><\/em>, agreg\u00f3.<\/p><\/blockquote>\n<p>&nbsp;<\/p>\n<p>Este \u00faltimo punto es la novedad m\u00e1s importante de los comicios: <strong>este piso de participaci\u00f3n fue sugerido, en su momento, por Vitale cuando era concejal.<\/strong><em> \u201cCelebro que se le haya dado la posibilidad de dar esta apertura. El piso es un est\u00edmulo m\u00e1s que invita a la participaci\u00f3n, que invita a la comunidad a que se acerque a votar\u201d<\/em>, sostuvo el subsecretario de Gobierno.<\/p>\n<p>&nbsp;<\/p>\n<p>Por su parte, el secretario de Gobierno Hilario Galli agreg\u00f3 en este sentido que se debe a que<em> \u201chay un antecedente de la elecci\u00f3n del 2017 que en una localidad tuvo mayor participaci\u00f3n el voto en blanco. Con esto se ve que el reclamo o solicitud del vecino va a estar representada por ese Delegado que se eligi\u00f3. <strong>El piso es \u00fanicamente para que la Junta Electoral convalide. Recordemos que es una Consulta Popular No Vinculante<\/strong>\u201d.<\/em><\/p>\n<p>&nbsp;<\/p>\n<p>El Intendente resalt\u00f3 que <em>\u201ces una muy buena noticia para localidades que puedan nuevamente elegir sus autoridades en un a\u00f1o no electoral. La mayor\u00eda de los delegados sigue en sus lugares y trabajando en pos de mejoras de las localidades. Es muy importante que cada comunidad pueda elegir a sus representantes. <strong>En total el padr\u00f3n es de 14.337 vecinos<\/strong>\u201d.<\/em><\/p>\n<p>&nbsp;<\/p>\n<p><img data-recalc-dims=\"1\" loading=\"lazy\" decoding=\"async\" class=\"alignnone size-full wp-image-44134\" src=\"https:\/\/i0.wp.com\/cdnoticias.com\/wp-content\/uploads\/2022\/01\/conferencia-eleccion-de-delegados-02.jpg?resize=800%2C444&#038;ssl=1\" alt=\"\" width=\"800\" height=\"444\" srcset=\"https:\/\/i0.wp.com\/cdnoticias.com\/wp-content\/uploads\/2022\/01\/conferencia-eleccion-de-delegados-02.jpg?w=800&amp;ssl=1 800w, https:\/\/i0.wp.com\/cdnoticias.com\/wp-content\/uploads\/2022\/01\/conferencia-eleccion-de-delegados-02.jpg?resize=300%2C167&amp;ssl=1 300w, https:\/\/i0.wp.com\/cdnoticias.com\/wp-content\/uploads\/2022\/01\/conferencia-eleccion-de-delegados-02.jpg?resize=768%2C426&amp;ssl=1 768w\" sizes=\"auto, (max-width: 800px) 100vw, 800px\" \/><\/p>\n<p>&nbsp;<\/p>\n<p>Tambi\u00e9n destac\u00f3 que los delegados<em> \u201cest\u00e1n haciendo un gran trabajo, trayendo inquietudes permanentemente y tenemos reuniones peri\u00f3dicas. Hemos realizado obras importantes para distintas localidades, siempre falta, nunca alcanza pero hemos hecho un trabajo importante y as\u00ed lo reconocen los vecinos\u201d.<\/em><\/p>\n<p>&nbsp;<\/p>\n<blockquote><p><em>\u201c<strong>Hay libertad absoluta para que cualquiera pueda ser candidato.<\/strong> El mandato dura dos a\u00f1os (hasta 2024) y lo hacemos en a\u00f1o no electoral. El 2 de mayo asumen los mandatos\u201d<\/em>, concluy\u00f3 Galli.<\/p><\/blockquote>\n<p>&nbsp;<\/p>\n<p>&nbsp;<\/p>\n<p><span style=\"text-decoration: underline;\"><strong>Etapas y fechas<\/strong><\/span><\/p>\n<p>&nbsp;<\/p>\n<p>Desde el Departamento Ejecutivo se organizaron cinco instancias previas, al d\u00eda de la Consulta Popular, que se detallan a continuaci\u00f3n:<\/p>\n<p>&nbsp;<\/p>\n<ul>\n<li>Retiro de documentaci\u00f3n: del 19 de enero al 4 de febrero.<\/li>\n<li>Presentaci\u00f3n de documentaci\u00f3n: del 7 al 18 de febrero.<\/li>\n<li>An\u00e1lisis de documentaci\u00f3n: 21 de febrero al 14 de marzo.<\/li>\n<li>Junta Electoral-Oficializaci\u00f3n de candidaturas: 15 al 18 de marzo.<\/li>\n<li>Inicio de campa\u00f1a de los candidatos: 21 de marzo al 7 de abril.<\/li>\n<\/ul>\n<p>&nbsp;<\/p>\n<p>Entre las novedades metodol\u00f3gicas, <strong>Galli adelant\u00f3 que se llevar\u00e1n adelante encuentros orientativos para aquellos aspirantes a delegados\/as municipales (en d\u00edas y horarios a confirmar), en lo concerniente a documentaci\u00f3n a presentar (forma, contenido y modelo de presentaci\u00f3n).<\/strong><\/p>\n<p>&nbsp;<\/p>\n<p>En la instancia de presentaci\u00f3n de documentaci\u00f3n, se determinaron fechas l\u00edmites particulares por localidad, donde el aspirante deber\u00e1 presentar la documentaci\u00f3n por Mesa de Entradas del Palacio Belgrano).<\/p>\n<p>&nbsp;<\/p>\n<ul>\n<li>Recalde- Espigas- Santa Luisa: 14 de febrero de 2022.<\/li>\n<li>Sierra Chica: 15 de febrero de 2022.<\/li>\n<li>Loma Negra: 16 de febrero de 2022.<\/li>\n<li>Hinojo: 17 de febrero de 2022.<\/li>\n<li>Sierras Bayas: 18 de febrero de 2022<\/li>\n<\/ul>\n<p>&nbsp;<\/p>\n<p>En la conferencia se aclar\u00f3 que <strong>los actuales delegados (cumpliendo los requisitos), tienen opci\u00f3n de un mandato m\u00e1s porque su primer mandato fue prorrogado, dado el contexto de pandemia.<\/strong><\/p>\n","protected":false},"excerpt":{"rendered":"<p>Ser\u00e1 el 10 de abril en todas las localidades del Partido. Los actuales delegados podr\u00e1n ser reelegidos si lo desean,<\/p>\n","protected":false},"author":2,"featured_media":44132,"comment_status":"closed","ping_status":"closed","sticky":false,"template":"","format":"standard","meta":{"_jetpack_memberships_contains_paid_content":false,"footnotes":""},"categories":[4,1],"tags":[],"class_list":["post-44135","post","type-post","status-publish","format-standard","has-post-thumbnail","hentry","category-politica","category-portada"],"jetpack_featured_media_url":"https:\/\/i0.wp.com\/cdnoticias.com\/wp-content\/uploads\/2022\/01\/conferencia-eleccion-de-delegados-00.jpg?fit=800%2C445&ssl=1","jetpack_sharing_enabled":true,"_links":{"self":[{"href":"https:\/\/cdnoticias.com\/index.php\/wp-json\/wp\/v2\/posts\/44135","targetHints":{"allow":["GET"]}}],"collection":[{"href":"https:\/\/cdnoticias.com\/index.php\/wp-json\/wp\/v2\/posts"}],"about":[{"href":"https:\/\/cdnoticias.com\/index.php\/wp-json\/wp\/v2\/types\/post"}],"author":[{"embeddable":true,"href":"https:\/\/cdnoticias.com\/index.php\/wp-json\/wp\/v2\/users\/2"}],"replies":[{"embeddable":true,"href":"https:\/\/cdnoticias.com\/index.php\/wp-json\/wp\/v2\/comments?post=44135"}],"version-history":[{"count":0,"href":"https:\/\/cdnoticias.com\/index.php\/wp-json\/wp\/v2\/posts\/44135\/revisions"}],"wp:featuredmedia":[{"embeddable":true,"href":"https:\/\/cdnoticias.com\/index.php\/wp-json\/wp\/v2\/media\/44132"}],"wp:attachment":[{"href":"https:\/\/cdnoticias.com\/index.php\/wp-json\/wp\/v2\/media?parent=44135"}],"wp:term":[{"taxonomy":"category","embeddable":true,"href":"https:\/\/cdnoticias.com\/index.php\/wp-json\/wp\/v2\/categories?post=44135"},{"taxonomy":"post_tag","embeddable":true,"href":"https:\/\/cdnoticias.com\/index.php\/wp-json\/wp\/v2\/tags?post=44135"}],"curies":[{"name":"wp","href":"https:\/\/api.w.org\/{rel}","templated":true}]}}