{"id":44120,"date":"2022-01-17T09:38:38","date_gmt":"2022-01-17T12:38:38","guid":{"rendered":"https:\/\/www.centraldenoticias.com.ar\/?p=44120"},"modified":"2022-01-17T10:35:53","modified_gmt":"2022-01-17T13:35:53","slug":"servicios-las-tarifas-no-van-a-aumentar-por-encima-de-los-sueldos","status":"publish","type":"post","link":"https:\/\/cdnoticias.com\/index.php\/2022\/01\/17\/servicios-las-tarifas-no-van-a-aumentar-por-encima-de-los-sueldos\/","title":{"rendered":"Servicios: \u201cLas tarifas no van a aumentar por encima de los sueldos\u201d"},"content":{"rendered":"<p>Lo dijo el secretario de Energ\u00eda, Dar\u00edo Mart\u00ednez, al referirse a la actualidad del servicio el\u00e9ctrico. Adem\u00e1s descart\u00f3 nuevos recortes al consumo.<!--more--><\/p>\n<hr \/>\n<p><strong>El secretario de Energ\u00eda de la Naci\u00f3n, Dar\u00edo Mart\u00ednez,<\/strong> habl\u00f3 en Radio 10 sobre <strong>la actualidad del servicio el\u00e9ctrico tras los cortes de suministro en la ola de calor<\/strong>.<\/p>\n<p>&nbsp;<\/p>\n<blockquote><p>En ese marco, indic\u00f3 que las tarifas del servicio el\u00e9ctrico no aumentar\u00e1n a gran escala para que su valor no est\u00e9 por encima del de los salarios. \u201cVenimos de una experiencia donde se dieron tarifazos y hab\u00eda cortes. Con eso no se resuelve. Las tarifas no van a aumentar por encima de los sueldos\u201d, afirm\u00f3 Mart\u00ednez.<\/p><\/blockquote>\n<p>&nbsp;<\/p>\n<p>En este sentido, detall\u00f3: \u201c<strong>La idea de nuestro proyecto junto con el Presidente es que las tarifas no evolucionen por encima de los salarios<\/strong>. No explica solo el esquema de tarifas el problema que tenemos. Hay una falta de inversi\u00f3n de la \u00e9poca de macrismo\u201d, insisti\u00f3 en su ataque a la gesti\u00f3n anterior.<\/p>\n<p>&nbsp;<\/p>\n<p>En cuanto a la gran demanda energ\u00e9tica causada por las temperaturas r\u00e9cord, adelant\u00f3 que <strong>en los pr\u00f3ximos d\u00edas no har\u00e1n falta nuevos recortes de consumo<\/strong>.<\/p>\n<p>&nbsp;<\/p>\n<p>\u201cLo que sucedi\u00f3 en esos d\u00edas fue una <strong>combinaci\u00f3n de cuatro factores que no se hab\u00edan dado nunca<\/strong>: <em>primero la reactivaci\u00f3n, que viene demandando energ\u00eda a un nivel important\u00edsimo; eso, combinado con una ola de calor hist\u00f3rica, nuestra regi\u00f3n fue la m\u00e1s calurosa del planeta, tercero la baja hidroactividad por la sequ\u00eda y, cuarto, la desinversi\u00f3n de la gesti\u00f3n anterior del macrismo<\/em>\u201d, dijo.<\/p>\n<p>&nbsp;<\/p>\n<p>Y a\u00f1adi\u00f3: \u201cLa combinaci\u00f3n de esos cuatro factores desencaden\u00f3 en la tensi\u00f3n del sistema. No obstante, <strong>no estaremos ante la situaci\u00f3n de reducir el consumo de energ\u00eda en los pr\u00f3ximos d\u00edas<\/strong>\u201d, se\u00f1al\u00f3 en referencia al pedido del Gobierno a los grandes usuarios y al asueto pedido a las entidades p\u00fablicas para minimizar el impacto.<\/p>\n<p>&nbsp;<\/p>\n<p>Fuente: <em>Agencia DIB<\/em><\/p>\n","protected":false},"excerpt":{"rendered":"<p>Lo dijo el secretario de Energ\u00eda, Dar\u00edo Mart\u00ednez, al referirse a la actualidad del servicio el\u00e9ctrico. Adem\u00e1s descart\u00f3 nuevos recortes<\/p>\n","protected":false},"author":4,"featured_media":9212,"comment_status":"closed","ping_status":"closed","sticky":false,"template":"","format":"standard","meta":{"_jetpack_memberships_contains_paid_content":false,"footnotes":""},"categories":[6,1],"tags":[],"class_list":["post-44120","post","type-post","status-publish","format-standard","has-post-thumbnail","hentry","category-nacionales","category-portada"],"jetpack_featured_media_url":"https:\/\/i0.wp.com\/cdnoticias.com\/wp-content\/uploads\/2020\/12\/electricidad-luz-tarifas-DIB.jpg?fit=696%2C392&ssl=1","jetpack_sharing_enabled":true,"_links":{"self":[{"href":"https:\/\/cdnoticias.com\/index.php\/wp-json\/wp\/v2\/posts\/44120","targetHints":{"allow":["GET"]}}],"collection":[{"href":"https:\/\/cdnoticias.com\/index.php\/wp-json\/wp\/v2\/posts"}],"about":[{"href":"https:\/\/cdnoticias.com\/index.php\/wp-json\/wp\/v2\/types\/post"}],"author":[{"embeddable":true,"href":"https:\/\/cdnoticias.com\/index.php\/wp-json\/wp\/v2\/users\/4"}],"replies":[{"embeddable":true,"href":"https:\/\/cdnoticias.com\/index.php\/wp-json\/wp\/v2\/comments?post=44120"}],"version-history":[{"count":0,"href":"https:\/\/cdnoticias.com\/index.php\/wp-json\/wp\/v2\/posts\/44120\/revisions"}],"wp:featuredmedia":[{"embeddable":true,"href":"https:\/\/cdnoticias.com\/index.php\/wp-json\/wp\/v2\/media\/9212"}],"wp:attachment":[{"href":"https:\/\/cdnoticias.com\/index.php\/wp-json\/wp\/v2\/media?parent=44120"}],"wp:term":[{"taxonomy":"category","embeddable":true,"href":"https:\/\/cdnoticias.com\/index.php\/wp-json\/wp\/v2\/categories?post=44120"},{"taxonomy":"post_tag","embeddable":true,"href":"https:\/\/cdnoticias.com\/index.php\/wp-json\/wp\/v2\/tags?post=44120"}],"curies":[{"name":"wp","href":"https:\/\/api.w.org\/{rel}","templated":true}]}}