{"id":44095,"date":"2022-01-16T19:36:13","date_gmt":"2022-01-16T22:36:13","guid":{"rendered":"https:\/\/www.centraldenoticias.com.ar\/?p=44095"},"modified":"2022-01-17T09:39:22","modified_gmt":"2022-01-17T12:39:22","slug":"asociaciones-civiles-esta-ley-trajo-un-tramite-mucho-mas-sencillo","status":"publish","type":"post","link":"https:\/\/cdnoticias.com\/index.php\/2022\/01\/16\/asociaciones-civiles-esta-ley-trajo-un-tramite-mucho-mas-sencillo\/","title":{"rendered":"Asociaciones civiles: \u201cEsta Ley trajo un tr\u00e1mite mucho m\u00e1s sencillo\u201d"},"content":{"rendered":"<p>La doctora Sabrina Benito explic\u00f3 la tarea que se realiza desde la Defensor\u00eda del Pueblo y c\u00f3mo a partir de la labor conjunta con ANSES y PAMI muchas entidades han regularizado su situaci\u00f3n.<!--more--><\/p>\n<hr \/>\n<p><strong>\u201cNosotros estamos para acompa\u00f1arlos\u201d<\/strong>. De esa manera la abogada Sabrina Benito, directora del \u00e1rea de Asociaciones Civiles dentro de la Defensor\u00eda del Pueblo de la Provincia de Buenos Aires, explic\u00f3 en Central Radio en Radio Sapiens (FM 102.7) la labor que vienen llevando a cabo, entre otras cosas, para el asesoramiento de constituci\u00f3n y normalizaci\u00f3n de las asociaciones civiles bonaerenses.<\/p>\n<p>&nbsp;<\/p>\n<p><iframe loading=\"lazy\" src=\"https:\/\/www.ivoox.com\/player_ej_80918365_6_1.html?c1=0b3c73\" width=\"100%\" height=\"200\" frameborder=\"0\" scrolling=\"no\" allowfullscreen=\"allowfullscreen\"><\/iframe><\/p>\n<p>&nbsp;<\/p>\n<p>\u201cEn enero del a\u00f1o pasado se firm\u00f3 un convenio entre la Defensor\u00eda del Pueblo y el Ministerio de Justicia Derechos Humanos de la Provincia de Buenos Aires con el objetivo, justamente, de simplificar los tr\u00e1mites que las asociaciones civiles deban realizar ante la Direcci\u00f3n Provincial de Personas Jur\u00eddicas\u201d, inici\u00f3 su conversaci\u00f3n en el programa que se emite de lunes a viernes de 15 a 17. Fue en ese marco que expres\u00f3 que ese convenio tambi\u00e9n permiti\u00f3 que<strong> \u201cnosotros podamos asistirlos, asesorarlos y acompa\u00f1arlos en toda su vida, desde la constituci\u00f3n hasta su funcionamiento, la regularizaci\u00f3n en el caso de aquellas instituciones que vengan con mucha deuda documental ante el organismo\u201d. \u201cEl d\u00eda a d\u00eda, en lo que necesiten\u201d, sintetiz\u00f3.<\/strong><\/p>\n<p>&nbsp;<\/p>\n<p>Ante la consulta de qui\u00e9nes pueden ser asociaciones civiles, explic\u00f3 que <strong>\u201ccualquier persona f\u00edsica puede asociarse con otras con un objetivo com\u00fan, sin fin de lucro<\/strong>. Hay diversidad de objetos sociales, lo que a ustedes se les ocurra, desde culturales, cooperadoras de colegios, cooperadoras de hospitales, grupos profesionales, sociedades protectoras de animales, centros culturales, centros de jubilados, organizaciones migrantes\u2026 Un grupo de personas que se una con un fin com\u00fan, sin fin de lucro\u201d.<\/p>\n<p>&nbsp;<\/p>\n<blockquote><p>En septiembre del a\u00f1o pasado se constituy\u00f3 la <a href=\"https:\/\/cdnoticias.com\/index.php\/2021\/09\/23\/se-constituyo-la-primera-asociacion-civil-en-olavarria-tramitada-desde-anses-y-la-defensoria-del-pueblo\/\" target=\"_blank\" rel=\"noopener\">primera asociaci\u00f3n civil de Olavarr\u00eda tramitada desde la Defensoria del Pueblo y Anses<\/a><\/p><\/blockquote>\n<p>&nbsp;<\/p>\n<p><strong>\u201cLa demanda de las organizaciones y de los dirigentes de las organizaciones hizo que en el a\u00f1o 2020 se sancione la ley 15192, que trajo muchos beneficios para las instituciones, sobre todo respecto de los tr\u00e1mites en personas jur\u00eddicas\u201d<\/strong>, continu\u00f3 y all\u00ed diferenci\u00f3 y enfatiz\u00f3 \u201cdos muy grandes\u201d cambios. \u201cPor un lado la constituci\u00f3n por instrumento p\u00fablico, que implica la constituci\u00f3n gratuita. Hasta ahora se pod\u00edan constituir con escritura p\u00fablica y eso implicaba un costo que deb\u00edan afrontar las instituciones. En este caso se firmaron convenio de Personas Jur\u00eddicas con ANSES y PAMI, y lo funcionarios de ANSES y PAMI puedan extender ese instrumento p\u00fablico de manera gratuita, para que las instituciones puedan constituirse sin ning\u00fan tipo de costo\u201d.<\/p>\n<p>&nbsp;<\/p>\n<p>\u201cEl otro problema grande que hab\u00eda\u201d agreg\u00f3 y ampli\u00f3 que <strong>\u201chay 46 mil asociaciones en toda la provincia. Much\u00edsimas est\u00e1n en una situaci\u00f3n de irregularidad respecto a los tr\u00e1mites que tienen que presentar en la Direcci\u00f3n Provincial de Personas Jur\u00eddicas<\/strong>. Anualmente las asociaciones tienen que presentar los ejercicios econ\u00f3micos y muchas veces no los presentaban o los presentaban con alg\u00fan error. No pod\u00edan estar al d\u00eda, no ten\u00edan autoridades legalmente constituidas, no hab\u00eda registro de los ejercicios econ\u00f3micos\u201d, enumer\u00f3. \u201cEsta ley trajo un tr\u00e1mite mucho m\u00e1s sencillo\u201d, subray\u00f3.<\/p>\n<p>&nbsp;<\/p>\n<p><img data-recalc-dims=\"1\" loading=\"lazy\" decoding=\"async\" class=\"alignnone size-full wp-image-19862\" src=\"https:\/\/i0.wp.com\/cdnoticias.com\/wp-content\/uploads\/2021\/04\/defensoria-asociaciones.jpg?resize=500%2C500&#038;ssl=1\" alt=\"\" width=\"500\" height=\"500\" srcset=\"https:\/\/i0.wp.com\/cdnoticias.com\/wp-content\/uploads\/2021\/04\/defensoria-asociaciones.jpg?w=500&amp;ssl=1 500w, https:\/\/i0.wp.com\/cdnoticias.com\/wp-content\/uploads\/2021\/04\/defensoria-asociaciones.jpg?resize=150%2C150&amp;ssl=1 150w, https:\/\/i0.wp.com\/cdnoticias.com\/wp-content\/uploads\/2021\/04\/defensoria-asociaciones.jpg?resize=300%2C300&amp;ssl=1 300w\" sizes=\"auto, (max-width: 500px) 100vw, 500px\" \/><\/p>\n<p>&nbsp;<\/p>\n<p>Con respecto a la situaci\u00f3n particular de Olavarr\u00eda se\u00f1al\u00f3 que <strong>\u201cnos han llegado consultas diversas, de todo tipo, desde ecol\u00f3gicas, centros de jubilados, culturales\u201d<\/strong>. Fue all\u00ed tambi\u00e9n donde no dej\u00f3 pasar la ocasi\u00f3n para halagar la tarea realizada por el equipo local, que est\u00e1 liderado por In\u00e9s Barbieri. Agreg\u00f3 que son alrededor de medio centenar los tr\u00e1mites en marcha, entre asesoramiento e ingresados.<\/p>\n<p>&nbsp;<\/p>\n<p><strong>\u201cLo principal es que al ser reconocidas por la Provincia como personas jur\u00eddica, hay otro tipo de responsabilida<\/strong>d. Hasta el momento funcionar\u00edan como simples asociaciones y sabemos que la responsabilidad en las simples asociaciones, digo en caso que ocurra algo, lo que fuera, es responsabilidad de los de las personas que lo conforman. En este caso al constituirse como personas jur\u00eddica la responsabilidad si se quiere, ir\u00eda a la asociaci\u00f3n\u201d, ponder\u00f3 por un lado.<\/p>\n<p>&nbsp;<\/p>\n<p><img data-recalc-dims=\"1\" loading=\"lazy\" decoding=\"async\" class=\"alignnone size-large wp-image-7964\" src=\"https:\/\/i0.wp.com\/cdnoticias.com\/wp-content\/uploads\/2020\/12\/WhatsApp-Image-2020-12-02-at-10.05.31.jpeg?resize=800%2C600&#038;ssl=1\" alt=\"\" width=\"800\" height=\"600\" srcset=\"https:\/\/i0.wp.com\/cdnoticias.com\/wp-content\/uploads\/2020\/12\/WhatsApp-Image-2020-12-02-at-10.05.31.jpeg?resize=1024%2C768&amp;ssl=1 1024w, https:\/\/i0.wp.com\/cdnoticias.com\/wp-content\/uploads\/2020\/12\/WhatsApp-Image-2020-12-02-at-10.05.31.jpeg?resize=300%2C225&amp;ssl=1 300w, https:\/\/i0.wp.com\/cdnoticias.com\/wp-content\/uploads\/2020\/12\/WhatsApp-Image-2020-12-02-at-10.05.31.jpeg?resize=768%2C576&amp;ssl=1 768w, https:\/\/i0.wp.com\/cdnoticias.com\/wp-content\/uploads\/2020\/12\/WhatsApp-Image-2020-12-02-at-10.05.31.jpeg?w=1040&amp;ssl=1 1040w\" sizes=\"auto, (max-width: 800px) 100vw, 800px\" \/><\/p>\n<p>&nbsp;<\/p>\n<p>Por el otro, puso el acento en que \u201clo m\u00e1s importante es que se pueden agrupar bajo un objeto pueden presentar proyectos al Estado\u201d. <strong>\u201cPueden inscribirse en programas del Estado Nacional o Provincial, pueden obtener subsidios para llevar adelante las actividades que quieran realizar. Es muy muy importante tener la personer\u00eda jur\u00eddica como tal\u201d<\/strong>, enfatiz\u00f3.<\/p>\n<p>&nbsp;<\/p>\n<p>Por \u00faltimo, para aquellas personas que quieran acceder al asesoramiento, indic\u00f3 que \u201cen Olavarr\u00eda In\u00e9s Barbieri es la delegada de la Defensor\u00eda del Pueblo, el <strong>mail es olavarria@defensorba.org.ar<\/strong>, la delegaci\u00f3n est\u00e1 en Alsina 2267, de 8 a 14. Despu\u00e9s nos pueden contactar a los<strong> tel\u00e9fonos oficiales, 0800 222 5262 o al Whatsapp 221 3581323<\/strong> o en las redes de la defensoria, @defensoriaPBA, nos pueden encontrar las 24 horas\u201d, finaliz\u00f3.<\/p>\n","protected":false},"excerpt":{"rendered":"<p>La doctora Sabrina Benito explic\u00f3 la tarea que se realiza desde la Defensor\u00eda del Pueblo y c\u00f3mo a partir de<\/p>\n","protected":false},"author":3,"featured_media":7963,"comment_status":"closed","ping_status":"closed","sticky":false,"template":"","format":"standard","meta":{"_jetpack_memberships_contains_paid_content":false,"footnotes":""},"categories":[5,1],"tags":[],"class_list":["post-44095","post","type-post","status-publish","format-standard","has-post-thumbnail","hentry","category-informacion-general","category-portada"],"jetpack_featured_media_url":"https:\/\/i0.wp.com\/cdnoticias.com\/wp-content\/uploads\/2020\/12\/WhatsApp-Image-2020-12-02-at-10.05.31-1.jpeg?fit=1040%2C780&ssl=1","jetpack_sharing_enabled":true,"_links":{"self":[{"href":"https:\/\/cdnoticias.com\/index.php\/wp-json\/wp\/v2\/posts\/44095","targetHints":{"allow":["GET"]}}],"collection":[{"href":"https:\/\/cdnoticias.com\/index.php\/wp-json\/wp\/v2\/posts"}],"about":[{"href":"https:\/\/cdnoticias.com\/index.php\/wp-json\/wp\/v2\/types\/post"}],"author":[{"embeddable":true,"href":"https:\/\/cdnoticias.com\/index.php\/wp-json\/wp\/v2\/users\/3"}],"replies":[{"embeddable":true,"href":"https:\/\/cdnoticias.com\/index.php\/wp-json\/wp\/v2\/comments?post=44095"}],"version-history":[{"count":0,"href":"https:\/\/cdnoticias.com\/index.php\/wp-json\/wp\/v2\/posts\/44095\/revisions"}],"wp:featuredmedia":[{"embeddable":true,"href":"https:\/\/cdnoticias.com\/index.php\/wp-json\/wp\/v2\/media\/7963"}],"wp:attachment":[{"href":"https:\/\/cdnoticias.com\/index.php\/wp-json\/wp\/v2\/media?parent=44095"}],"wp:term":[{"taxonomy":"category","embeddable":true,"href":"https:\/\/cdnoticias.com\/index.php\/wp-json\/wp\/v2\/categories?post=44095"},{"taxonomy":"post_tag","embeddable":true,"href":"https:\/\/cdnoticias.com\/index.php\/wp-json\/wp\/v2\/tags?post=44095"}],"curies":[{"name":"wp","href":"https:\/\/api.w.org\/{rel}","templated":true}]}}