{"id":44069,"date":"2022-01-16T09:11:45","date_gmt":"2022-01-16T12:11:45","guid":{"rendered":"https:\/\/www.centraldenoticias.com.ar\/?p=44069"},"modified":"2022-01-17T07:46:38","modified_gmt":"2022-01-17T10:46:38","slug":"covid-la-segunda-semana-del-ano-tuvo-2-300-casos-y-volvio-a-subir-la-positividad","status":"publish","type":"post","link":"https:\/\/cdnoticias.com\/index.php\/2022\/01\/16\/covid-la-segunda-semana-del-ano-tuvo-2-300-casos-y-volvio-a-subir-la-positividad\/","title":{"rendered":"Covid: la segunda semana del a\u00f1o tuvo 2.300 casos y volvi\u00f3 a subir la positividad"},"content":{"rendered":"<p lang=\"es-ES\">Baja de 10,5% en la cantidad de nuevos contagios. Van ocho semanas consecutivas de suba de la positividad. Adem\u00e1s, hubo tres fallecidos.<!--more--><\/p>\n<hr \/>\n<p lang=\"es-ES\"><strong>La segunda semana del a\u00f1o<\/strong> (semana epidemiol\u00f3gica 2 del 9 al 15 de enero) <strong>tuvo 2.333 nuevos casos confirmados de Covid en Olavarr\u00eda, 1.271 curados y tres fallecidos. Se hicieron en total 3.598 testeos<\/strong>.<\/p>\n<p lang=\"es-ES\">\n<p lang=\"es-ES\">Tanto <strong>la cantidad de casos positivos como la de testeos mostraron ca\u00eddas respecto de la semana anterior<\/strong> (hab\u00edan sido 2.607 casos y 4.585 testeos), <a href=\"https:\/\/cdnoticias.com\/index.php\/2022\/01\/11\/tercera-ola-el-record-tambien-se-ve-y-explica-en-el-porcentaje-de-positividad\/\" target=\"_blank\" rel=\"noopener\">pero la positividad a\u00fan se mantuvo en ascenso<\/a>: <strong>fue de 64,8% en la semana.<\/strong><\/p>\n<p lang=\"es-ES\">\n<blockquote>\n<p lang=\"es-ES\">Esto implica ocho puntos m\u00e1s que la semana pasada y la seguidilla de ocho semanas consecutivas en ascenso de la positividad.<\/p>\n<\/blockquote>\n<p lang=\"es-ES\">\u00e7<img data-recalc-dims=\"1\" loading=\"lazy\" decoding=\"async\" class=\"aligncenter wp-image-44045\" src=\"https:\/\/i0.wp.com\/cdnoticias.com\/wp-content\/uploads\/2022\/01\/casos-de-covid-6.jpeg?resize=450%2C450&#038;ssl=1\" alt=\"\" width=\"450\" height=\"450\" srcset=\"https:\/\/i0.wp.com\/cdnoticias.com\/wp-content\/uploads\/2022\/01\/casos-de-covid-6.jpeg?resize=1024%2C1024&amp;ssl=1 1024w, https:\/\/i0.wp.com\/cdnoticias.com\/wp-content\/uploads\/2022\/01\/casos-de-covid-6.jpeg?resize=300%2C300&amp;ssl=1 300w, https:\/\/i0.wp.com\/cdnoticias.com\/wp-content\/uploads\/2022\/01\/casos-de-covid-6.jpeg?resize=150%2C150&amp;ssl=1 150w, https:\/\/i0.wp.com\/cdnoticias.com\/wp-content\/uploads\/2022\/01\/casos-de-covid-6.jpeg?resize=768%2C768&amp;ssl=1 768w, https:\/\/i0.wp.com\/cdnoticias.com\/wp-content\/uploads\/2022\/01\/casos-de-covid-6.jpeg?w=1280&amp;ssl=1 1280w\" sizes=\"auto, (max-width: 450px) 100vw, 450px\" \/><\/p>\n<p lang=\"es-ES\">\n<p lang=\"es-ES\">En la semana del 9 de enero hubo <strong>274 casos confirmados menos<\/strong> que en la semana del 2 de enero:<strong> la baja fue de 10,5%.<\/strong><\/p>\n<p lang=\"es-ES\">\n<p lang=\"es-ES\">En las \u00faltimas dos semanas <strong>la incidencia de casos en Olavarr\u00eda lleg\u00f3 a 4.100 cada 100.000 habitantes<\/strong>, la cual se considera alta ya que el m\u00e1ximo es de 150.<\/p>\n<p lang=\"es-ES\">\n<p lang=\"es-ES\">En tanto, <strong>la raz\u00f3n de casos de las dos primeras semanas del a\u00f1o fue de 6,5<\/strong>, tiene una baja considerable respecto de la semana anterior aunque se mantiene alta ya que m\u00e1ximo es de 1,20.<\/p>\n<p lang=\"es-ES\"><img data-recalc-dims=\"1\" loading=\"lazy\" decoding=\"async\" class=\"aligncenter wp-image-44070\" src=\"https:\/\/i0.wp.com\/cdnoticias.com\/wp-content\/uploads\/2022\/01\/casos-de-covid-7.jpeg?resize=450%2C450&#038;ssl=1\" alt=\"\" width=\"450\" height=\"450\" srcset=\"https:\/\/i0.wp.com\/cdnoticias.com\/wp-content\/uploads\/2022\/01\/casos-de-covid-7.jpeg?resize=1024%2C1024&amp;ssl=1 1024w, https:\/\/i0.wp.com\/cdnoticias.com\/wp-content\/uploads\/2022\/01\/casos-de-covid-7.jpeg?resize=300%2C300&amp;ssl=1 300w, https:\/\/i0.wp.com\/cdnoticias.com\/wp-content\/uploads\/2022\/01\/casos-de-covid-7.jpeg?resize=150%2C150&amp;ssl=1 150w, https:\/\/i0.wp.com\/cdnoticias.com\/wp-content\/uploads\/2022\/01\/casos-de-covid-7.jpeg?resize=768%2C768&amp;ssl=1 768w, https:\/\/i0.wp.com\/cdnoticias.com\/wp-content\/uploads\/2022\/01\/casos-de-covid-7.jpeg?w=1280&amp;ssl=1 1280w\" sizes=\"auto, (max-width: 450px) 100vw, 450px\" \/><\/p>\n<p lang=\"es-ES\">\n<p lang=\"es-ES\">Esta semana <strong>se alcanzaron 347 fallecidos, de los cuales 162 son mujeres y 185 son hombres<\/strong>.<\/p>\n<p lang=\"es-ES\">\n<p lang=\"es-ES\">Seg\u00fan <a href=\"https:\/\/cdnoticias.com\/index.php\/2022\/01\/15\/parte-sanitario-dos-personas-fallecieron-y-hay-4-000-casos-en-olavarria\/\" target=\"_blank\" rel=\"noopener\">el informe oficial del s\u00e1bado, se cuentan 4.041 casos activos<\/a>. Esa jornada fue <strong>la primera que mostr\u00f3 una baja de los activos despu\u00e9s de tres semanas consecutivas de ascenso<\/strong> desde el regreso de los informes diarios el d\u00eda 29 de diciembre.<\/p>\n","protected":false},"excerpt":{"rendered":"<p>Baja de 10,5% en la cantidad de nuevos contagios. Van ocho semanas consecutivas de suba de la positividad. Adem\u00e1s, hubo<\/p>\n","protected":false},"author":4,"featured_media":42974,"comment_status":"closed","ping_status":"closed","sticky":false,"template":"","format":"standard","meta":{"_jetpack_memberships_contains_paid_content":false,"footnotes":""},"categories":[16,1],"tags":[],"class_list":["post-44069","post","type-post","status-publish","format-standard","has-post-thumbnail","hentry","category-covid-19","category-portada"],"jetpack_featured_media_url":"https:\/\/i0.wp.com\/cdnoticias.com\/wp-content\/uploads\/2022\/01\/hisopado-testeos-region-sanitaria-covid19-03.jpg?fit=800%2C445&ssl=1","jetpack_sharing_enabled":true,"_links":{"self":[{"href":"https:\/\/cdnoticias.com\/index.php\/wp-json\/wp\/v2\/posts\/44069","targetHints":{"allow":["GET"]}}],"collection":[{"href":"https:\/\/cdnoticias.com\/index.php\/wp-json\/wp\/v2\/posts"}],"about":[{"href":"https:\/\/cdnoticias.com\/index.php\/wp-json\/wp\/v2\/types\/post"}],"author":[{"embeddable":true,"href":"https:\/\/cdnoticias.com\/index.php\/wp-json\/wp\/v2\/users\/4"}],"replies":[{"embeddable":true,"href":"https:\/\/cdnoticias.com\/index.php\/wp-json\/wp\/v2\/comments?post=44069"}],"version-history":[{"count":0,"href":"https:\/\/cdnoticias.com\/index.php\/wp-json\/wp\/v2\/posts\/44069\/revisions"}],"wp:featuredmedia":[{"embeddable":true,"href":"https:\/\/cdnoticias.com\/index.php\/wp-json\/wp\/v2\/media\/42974"}],"wp:attachment":[{"href":"https:\/\/cdnoticias.com\/index.php\/wp-json\/wp\/v2\/media?parent=44069"}],"wp:term":[{"taxonomy":"category","embeddable":true,"href":"https:\/\/cdnoticias.com\/index.php\/wp-json\/wp\/v2\/categories?post=44069"},{"taxonomy":"post_tag","embeddable":true,"href":"https:\/\/cdnoticias.com\/index.php\/wp-json\/wp\/v2\/tags?post=44069"}],"curies":[{"name":"wp","href":"https:\/\/api.w.org\/{rel}","templated":true}]}}