{"id":4402,"date":"2020-10-20T13:36:48","date_gmt":"2020-10-20T16:36:48","guid":{"rendered":"http:\/\/www.centraldenoticias.com.ar\/?p=4402"},"modified":"2020-10-20T14:44:20","modified_gmt":"2020-10-20T17:44:20","slug":"sentada-de-los-manifestantes-del-acampe-en-el-municipio-pidieron-hablar-con-galli","status":"publish","type":"post","link":"https:\/\/cdnoticias.com\/index.php\/2020\/10\/20\/sentada-de-los-manifestantes-del-acampe-en-el-municipio-pidieron-hablar-con-galli\/","title":{"rendered":"Sentada de los manifestantes del acampe en el Municipio: pidieron hablar con Galli"},"content":{"rendered":"<p>Las familias que mantienen los reclamos habitacionales frente al Palacio Municipal ingresaron al edificio en la ma\u00f1ana de este martes. Tensos momentos en los cruces con la custodia policial: &#8220;Que venga porque tiene un problema ac\u00e1 adentro&#8221; dijeron en el pedido por ver al Intendente.<!--more--><\/p>\n<hr \/>\n<p>Pasadas las 12 de este martes, los manifestantes que mantienen el acampe frente al Palacio San Mart\u00edn con reclamos habitacionales desde hace m\u00e1s de tres semanas ingresaron al edificio. Hicieron una sentada y pidieron ser recibidos por el intendente Ezequiel Galli.<\/p>\n<p>Los manifestantes, que eran unos 15 y las mismas seis familias que mantienen las demandas por viviendas con el apoyo de la Mesa de Emergencia, accedieron hasta el primer piso donde se ubicaron frente al pasillo que da al despacho del jefe comunal. Paralelamente, en el Paseo Jes\u00fas Mend\u00eda, los manifestantes se hicieron escuchar con bombos y c\u00e1nticos.<\/p>\n<p><img data-recalc-dims=\"1\" loading=\"lazy\" decoding=\"async\" class=\"aligncenter wp-image-4400\" src=\"https:\/\/i0.wp.com\/cdnoticias.com\/wp-content\/uploads\/2020\/10\/sentada03.jpg?resize=800%2C600&#038;ssl=1\" alt=\"\" width=\"800\" height=\"600\" srcset=\"https:\/\/i0.wp.com\/cdnoticias.com\/wp-content\/uploads\/2020\/10\/sentada03.jpg?resize=300%2C225&amp;ssl=1 300w, https:\/\/i0.wp.com\/cdnoticias.com\/wp-content\/uploads\/2020\/10\/sentada03.jpg?resize=768%2C576&amp;ssl=1 768w, https:\/\/i0.wp.com\/cdnoticias.com\/wp-content\/uploads\/2020\/10\/sentada03.jpg?resize=1024%2C768&amp;ssl=1 1024w, https:\/\/i0.wp.com\/cdnoticias.com\/wp-content\/uploads\/2020\/10\/sentada03.jpg?w=1152&amp;ssl=1 1152w\" sizes=\"auto, (max-width: 800px) 100vw, 800px\" \/><\/p>\n<p>La custodia policial, que se vio reforzada con m\u00e1s efectivos tanto dentro del Palacio como afuera, impidieron el paso. Incluso, cuando solicitaron ingresar respondieron que Galli no estaba en el edificio. &#8220;Que venga porque tiene un problema ac\u00e1 adentro&#8221; dijo una de las manifestantes en el pedido por ver al Intendente.<\/p>\n<p>Cabe se\u00f1alar que este lunes, el secretario de Gobierno, <a href=\"https:\/\/cdnoticias.com\/index.php\/2020\/10\/19\/el-encuentro-entre-hilario-galli-y-los-integrantes-de-la-mesa-de-emergencia\/\" target=\"_blank\" rel=\"noopener\">Hilario Galli, estuvo con los manifestantes<\/a> en el acampe donde reiteraron la solicitud de dialogar de forma directa con el jefe comunal ante la falta de respuestas efectivas por parte del \u00e1rea de Desarrollo Humano.<\/p>\n<p>En el marco de la manifestaci\u00f3n, desde la Mesa de Emergencia se confirm\u00f3 que se sum\u00f3 una s\u00e9ptima familia a las demandas: &#8220;viven en un galp\u00f3n con un beb\u00e9 de 9 meses&#8221; detallaron.<\/p>\n<p><img data-recalc-dims=\"1\" loading=\"lazy\" decoding=\"async\" class=\"aligncenter wp-image-4398 size-large\" src=\"https:\/\/i0.wp.com\/cdnoticias.com\/wp-content\/uploads\/2020\/10\/sentada01.jpg?resize=800%2C600&#038;ssl=1\" alt=\"\" width=\"800\" height=\"600\" srcset=\"https:\/\/i0.wp.com\/cdnoticias.com\/wp-content\/uploads\/2020\/10\/sentada01.jpg?resize=1024%2C768&amp;ssl=1 1024w, https:\/\/i0.wp.com\/cdnoticias.com\/wp-content\/uploads\/2020\/10\/sentada01.jpg?resize=300%2C225&amp;ssl=1 300w, https:\/\/i0.wp.com\/cdnoticias.com\/wp-content\/uploads\/2020\/10\/sentada01.jpg?resize=768%2C576&amp;ssl=1 768w, https:\/\/i0.wp.com\/cdnoticias.com\/wp-content\/uploads\/2020\/10\/sentada01.jpg?w=1152&amp;ssl=1 1152w\" sizes=\"auto, (max-width: 800px) 100vw, 800px\" \/><\/p>\n<p><img data-recalc-dims=\"1\" loading=\"lazy\" decoding=\"async\" class=\"aligncenter wp-image-4399 size-large\" src=\"https:\/\/i0.wp.com\/cdnoticias.com\/wp-content\/uploads\/2020\/10\/sentada02.jpg?resize=800%2C600&#038;ssl=1\" alt=\"\" width=\"800\" height=\"600\" srcset=\"https:\/\/i0.wp.com\/cdnoticias.com\/wp-content\/uploads\/2020\/10\/sentada02.jpg?resize=1024%2C768&amp;ssl=1 1024w, https:\/\/i0.wp.com\/cdnoticias.com\/wp-content\/uploads\/2020\/10\/sentada02.jpg?resize=300%2C225&amp;ssl=1 300w, https:\/\/i0.wp.com\/cdnoticias.com\/wp-content\/uploads\/2020\/10\/sentada02.jpg?resize=768%2C576&amp;ssl=1 768w, https:\/\/i0.wp.com\/cdnoticias.com\/wp-content\/uploads\/2020\/10\/sentada02.jpg?w=1152&amp;ssl=1 1152w\" sizes=\"auto, (max-width: 800px) 100vw, 800px\" \/><\/p>\n<p>En tanto, una de las manifestantes en el Palacio subray\u00f3 que &#8220;la Mesa de Emergencia est\u00e1 haciendo el trabajo que deber\u00eda hacer el se\u00f1or intendente&#8221; al referir que se brinda asistencia a &#8220;4.000 personas&#8221;. Apuntaron al cumplimiento de la Ley de H\u00e1bitat y cuestion\u00f3 que &#8220;se necesitan m\u00e1s de 80 mil pesos mensuales para un cr\u00e9dito hipotacario&#8221; en alusi\u00f3n a que representa una dificultad para la amplia mayor\u00eda de la poblaci\u00f3n acceder a una vivienda propia de ese modo.<\/p>\n<p>Seg\u00fan exponen en todo momento las familias en el Palacio, la intenci\u00f3n es mantener el reclamo hasta dialogar con Ezequiel Galli de manera directa. Por lo pronto, la situaci\u00f3n se mantiene tensa y no se sabe si el jefe comunal regresar\u00e1 para recibirlos.<\/p>\n<p><img data-recalc-dims=\"1\" loading=\"lazy\" decoding=\"async\" class=\"aligncenter wp-image-4406 size-large\" src=\"https:\/\/i0.wp.com\/cdnoticias.com\/wp-content\/uploads\/2020\/10\/sentada05.jpg?resize=800%2C600&#038;ssl=1\" alt=\"\" width=\"800\" height=\"600\" srcset=\"https:\/\/i0.wp.com\/cdnoticias.com\/wp-content\/uploads\/2020\/10\/sentada05.jpg?resize=1024%2C768&amp;ssl=1 1024w, https:\/\/i0.wp.com\/cdnoticias.com\/wp-content\/uploads\/2020\/10\/sentada05.jpg?resize=300%2C225&amp;ssl=1 300w, https:\/\/i0.wp.com\/cdnoticias.com\/wp-content\/uploads\/2020\/10\/sentada05.jpg?resize=768%2C576&amp;ssl=1 768w, https:\/\/i0.wp.com\/cdnoticias.com\/wp-content\/uploads\/2020\/10\/sentada05.jpg?w=1152&amp;ssl=1 1152w\" sizes=\"auto, (max-width: 800px) 100vw, 800px\" \/><\/p>\n<p><img data-recalc-dims=\"1\" loading=\"lazy\" decoding=\"async\" class=\"aligncenter wp-image-4401 size-large\" src=\"https:\/\/i0.wp.com\/cdnoticias.com\/wp-content\/uploads\/2020\/10\/sentada04.jpg?resize=800%2C600&#038;ssl=1\" alt=\"\" width=\"800\" height=\"600\" srcset=\"https:\/\/i0.wp.com\/cdnoticias.com\/wp-content\/uploads\/2020\/10\/sentada04.jpg?resize=1024%2C768&amp;ssl=1 1024w, https:\/\/i0.wp.com\/cdnoticias.com\/wp-content\/uploads\/2020\/10\/sentada04.jpg?resize=300%2C225&amp;ssl=1 300w, https:\/\/i0.wp.com\/cdnoticias.com\/wp-content\/uploads\/2020\/10\/sentada04.jpg?resize=768%2C576&amp;ssl=1 768w, https:\/\/i0.wp.com\/cdnoticias.com\/wp-content\/uploads\/2020\/10\/sentada04.jpg?w=1152&amp;ssl=1 1152w\" sizes=\"auto, (max-width: 800px) 100vw, 800px\" \/><\/p>\n","protected":false},"excerpt":{"rendered":"<p>Las familias que mantienen los reclamos habitacionales frente al Palacio Municipal ingresaron al edificio en la ma\u00f1ana de este martes.<\/p>\n","protected":false},"author":4,"featured_media":4407,"comment_status":"closed","ping_status":"closed","sticky":false,"template":"","format":"standard","meta":{"_jetpack_memberships_contains_paid_content":false,"footnotes":""},"categories":[5,1],"tags":[],"class_list":["post-4402","post","type-post","status-publish","format-standard","has-post-thumbnail","hentry","category-informacion-general","category-portada"],"jetpack_featured_media_url":"https:\/\/i0.wp.com\/cdnoticias.com\/wp-content\/uploads\/2020\/10\/sentada06.jpg?fit=1152%2C864&ssl=1","jetpack_sharing_enabled":true,"_links":{"self":[{"href":"https:\/\/cdnoticias.com\/index.php\/wp-json\/wp\/v2\/posts\/4402","targetHints":{"allow":["GET"]}}],"collection":[{"href":"https:\/\/cdnoticias.com\/index.php\/wp-json\/wp\/v2\/posts"}],"about":[{"href":"https:\/\/cdnoticias.com\/index.php\/wp-json\/wp\/v2\/types\/post"}],"author":[{"embeddable":true,"href":"https:\/\/cdnoticias.com\/index.php\/wp-json\/wp\/v2\/users\/4"}],"replies":[{"embeddable":true,"href":"https:\/\/cdnoticias.com\/index.php\/wp-json\/wp\/v2\/comments?post=4402"}],"version-history":[{"count":0,"href":"https:\/\/cdnoticias.com\/index.php\/wp-json\/wp\/v2\/posts\/4402\/revisions"}],"wp:featuredmedia":[{"embeddable":true,"href":"https:\/\/cdnoticias.com\/index.php\/wp-json\/wp\/v2\/media\/4407"}],"wp:attachment":[{"href":"https:\/\/cdnoticias.com\/index.php\/wp-json\/wp\/v2\/media?parent=4402"}],"wp:term":[{"taxonomy":"category","embeddable":true,"href":"https:\/\/cdnoticias.com\/index.php\/wp-json\/wp\/v2\/categories?post=4402"},{"taxonomy":"post_tag","embeddable":true,"href":"https:\/\/cdnoticias.com\/index.php\/wp-json\/wp\/v2\/tags?post=4402"}],"curies":[{"name":"wp","href":"https:\/\/api.w.org\/{rel}","templated":true}]}}