{"id":44004,"date":"2022-01-14T19:53:26","date_gmt":"2022-01-14T22:53:26","guid":{"rendered":"https:\/\/www.centraldenoticias.com.ar\/?p=44004"},"modified":"2022-01-14T19:53:26","modified_gmt":"2022-01-14T22:53:26","slug":"monte-pelloni-piden-extremar-las-precauciones-para-evitar-incendios","status":"publish","type":"post","link":"https:\/\/cdnoticias.com\/index.php\/2022\/01\/14\/monte-pelloni-piden-extremar-las-precauciones-para-evitar-incendios\/","title":{"rendered":"Monte Pelloni: piden extremar las precauciones para evitar incendios"},"content":{"rendered":"<p>La Comisi\u00f3n y la Mutual por la Memoria solicitaron extremar las precauciones para evitar siniestros ante las altas temperaturas y la sequ\u00eda en el sector.<!--more--><\/p>\n<hr \/>\n<p>Desde la Comisi\u00f3n y la Mutual por la Memoria de Olavarr\u00eda solicitaron a la comunidad de Olavarr\u00eda que ante la situaci\u00f3n de sequ\u00eda y altas temperaturas que afectan a nuestro pa\u00eds y a nuestra ciudad en particular, colaboren para<strong> mantener al predio donde actualmente funciona el Espacio de Memoria \u201cMonte Pelloni\u201d libre de los peligros de un incendio.<\/strong><\/p>\n<p>&nbsp;<\/p>\n<p>Por esto, emitieron una serie de consejos para quienes decidan visitar \u201cMonte Pelloni\u201d:<\/p>\n<p>&nbsp;<\/p>\n<p>-No encender fuego en el lugar ni en sus cercan\u00edas.<\/p>\n<p>&nbsp;<\/p>\n<p>-No arrojar colillas de cigarrillo.<\/p>\n<p>&nbsp;<\/p>\n<p>-No tirar basura. Adem\u00e1s de contribuir as\u00ed al mantenimiento del espacio, hay que considerar que dejar vidrios tirados donde hay vegetaci\u00f3n pueden ser el origen de incendios.<\/p>\n<p>&nbsp;<\/p>\n<p>-No ingresar con autom\u00f3viles al sitio.<\/p>\n<p>&nbsp;<\/p>\n<p>\u201cCuidar el Espacio de Memoria \u201cMonte Pelloni\u201d en tanto sitio de preservaci\u00f3n de la Memoria por Verdad y Justicia, es una responsabilidad de toda la sociedad\u201d, concluyeron.<\/p>\n","protected":false},"excerpt":{"rendered":"<p>La Comisi\u00f3n y la Mutual por la Memoria solicitaron extremar las precauciones para evitar siniestros ante las altas temperaturas y<\/p>\n","protected":false},"author":5,"featured_media":2109,"comment_status":"closed","ping_status":"closed","sticky":false,"template":"","format":"standard","meta":{"_jetpack_memberships_contains_paid_content":false,"footnotes":""},"categories":[5,1],"tags":[],"class_list":["post-44004","post","type-post","status-publish","format-standard","has-post-thumbnail","hentry","category-informacion-general","category-portada"],"jetpack_featured_media_url":"https:\/\/i0.wp.com\/cdnoticias.com\/wp-content\/uploads\/2020\/09\/WhatsApp-Image-2020-09-21-at-15.27.46.jpeg?fit=1040%2C780&ssl=1","jetpack_sharing_enabled":true,"_links":{"self":[{"href":"https:\/\/cdnoticias.com\/index.php\/wp-json\/wp\/v2\/posts\/44004","targetHints":{"allow":["GET"]}}],"collection":[{"href":"https:\/\/cdnoticias.com\/index.php\/wp-json\/wp\/v2\/posts"}],"about":[{"href":"https:\/\/cdnoticias.com\/index.php\/wp-json\/wp\/v2\/types\/post"}],"author":[{"embeddable":true,"href":"https:\/\/cdnoticias.com\/index.php\/wp-json\/wp\/v2\/users\/5"}],"replies":[{"embeddable":true,"href":"https:\/\/cdnoticias.com\/index.php\/wp-json\/wp\/v2\/comments?post=44004"}],"version-history":[{"count":0,"href":"https:\/\/cdnoticias.com\/index.php\/wp-json\/wp\/v2\/posts\/44004\/revisions"}],"wp:featuredmedia":[{"embeddable":true,"href":"https:\/\/cdnoticias.com\/index.php\/wp-json\/wp\/v2\/media\/2109"}],"wp:attachment":[{"href":"https:\/\/cdnoticias.com\/index.php\/wp-json\/wp\/v2\/media?parent=44004"}],"wp:term":[{"taxonomy":"category","embeddable":true,"href":"https:\/\/cdnoticias.com\/index.php\/wp-json\/wp\/v2\/categories?post=44004"},{"taxonomy":"post_tag","embeddable":true,"href":"https:\/\/cdnoticias.com\/index.php\/wp-json\/wp\/v2\/tags?post=44004"}],"curies":[{"name":"wp","href":"https:\/\/api.w.org\/{rel}","templated":true}]}}