{"id":43976,"date":"2022-01-15T12:00:46","date_gmt":"2022-01-15T15:00:46","guid":{"rendered":"https:\/\/www.centraldenoticias.com.ar\/?p=43976"},"modified":"2022-01-15T17:55:37","modified_gmt":"2022-01-15T20:55:37","slug":"impacto-en-las-empresas-por-contagios-en-olavarria-repercutio-entre-15-a-20-del-personal","status":"publish","type":"post","link":"https:\/\/cdnoticias.com\/index.php\/2022\/01\/15\/impacto-en-las-empresas-por-contagios-en-olavarria-repercutio-entre-15-a-20-del-personal\/","title":{"rendered":"Impacto en las empresas por contagios en Olavarr\u00eda: \u201crepercuti\u00f3 entre 15 a 20% del personal\u201d"},"content":{"rendered":"<p>Lo expuso la integrante de la Uni\u00f3n Industrial, Vanesa Andreis. Repar\u00f3 en que hubo contagios y tambi\u00e9n los aislamientos por contacto. \u201cSe redujo mucho la producci\u00f3n\u201d dijo. Distintos escenarios en las empresas locales.<!--more--><\/p>\n<hr \/>\n<p><strong>Desde que comenz\u00f3 la tercera ola de casos de Covid, un aspecto que se ha visto afectado es la asistencia laboral<\/strong> en virtud de que se dio alta contagiosidad y la disposici\u00f3n de aislamiento para quienes fueron contactos estrechos. <strong>\u201cLas empresas tratan de hacer malabares\u201d dijo a Central de Noticias, Vanesa Andreis de la Uni\u00f3n Industrial de Olavarr\u00eda (UIO)<\/strong>, para graficar c\u00f3mo han sostenido su actividad las firmas locales ante este panorama.<\/p>\n<p>&nbsp;<\/p>\n<p>A ello se a\u00f1adi\u00f3 otro aspecto esta semana: con la ola de calor, <strong>el Gobierno Nacional pidi\u00f3 a las empresas que reduzcan su consumo energ\u00e9tico<\/strong> en los horarios pico este jueves y viernes. La <a href=\"https:\/\/cdnoticias.com\/index.php\/2022\/01\/13\/union-industrial-adhiere-al-uso-eficiente-de-la-energia-debido-a-las-altas-temperaturas\/\" target=\"_blank\" rel=\"noopener\">Uni\u00f3n Industrial adhiri\u00f3 a la recomendaci\u00f3n<\/a> y, sobre ello, Andreis interpret\u00f3 que \u201cla idea es generar conciencia\u201d. <strong>Resalt\u00f3 que desde las c\u00e1maras empresarias e industriales, la solicitud de la gesti\u00f3n nacional \u201cse tom\u00f3 con buena predisposici\u00f3n\u201d.<\/strong><\/p>\n<p>&nbsp;<\/p>\n<figure id=\"attachment_44024\" aria-describedby=\"caption-attachment-44024\" style=\"width: 500px\" class=\"wp-caption aligncenter\"><img data-recalc-dims=\"1\" loading=\"lazy\" decoding=\"async\" class=\"wp-image-44024\" src=\"https:\/\/i0.wp.com\/cdnoticias.com\/wp-content\/uploads\/2022\/01\/vanesa-andreis-cesar-longo-union-industrial.jpg?resize=500%2C333&#038;ssl=1\" alt=\"\" width=\"500\" height=\"333\" srcset=\"https:\/\/i0.wp.com\/cdnoticias.com\/wp-content\/uploads\/2022\/01\/vanesa-andreis-cesar-longo-union-industrial.jpg?w=600&amp;ssl=1 600w, https:\/\/i0.wp.com\/cdnoticias.com\/wp-content\/uploads\/2022\/01\/vanesa-andreis-cesar-longo-union-industrial.jpg?resize=300%2C200&amp;ssl=1 300w, https:\/\/i0.wp.com\/cdnoticias.com\/wp-content\/uploads\/2022\/01\/vanesa-andreis-cesar-longo-union-industrial.jpg?resize=272%2C182&amp;ssl=1 272w\" sizes=\"auto, (max-width: 500px) 100vw, 500px\" \/><figcaption id=\"caption-attachment-44024\" class=\"wp-caption-text\">Vanesa Andreis junto a C\u00e9sar Longo, autoridades de la Uni\u00f3n Industrial de Olavarr\u00eda.<\/figcaption><\/figure>\n<p>&nbsp;<\/p>\n<p><strong>Ca\u00edda de personal<\/strong><\/p>\n<p>&nbsp;<\/p>\n<p>La empresaria tuvo en cuenta las caracter\u00edsticas de los contagios en esta etapa de la pandemia en Olavarr\u00eda: <strong>\u201cel efecto multiplicador hizo que, obviamente, hubo y hay muchos aislados por enfermedad y por contacto\u201d<\/strong> lo cual repercuti\u00f3 en los puestos de trabajo que quedaban sin ocupar por una semana a 10 d\u00edas. Cabe recordar que <a href=\"https:\/\/cdnoticias.com\/index.php\/2022\/01\/14\/detectaron-mas-de-300-nuevos-casos-de-covid19\/\" target=\"_blank\" rel=\"noopener\">Olavarr\u00eda cuenta actualmente con m\u00e1s de 4.000 casos activos de Covid<\/a>, y en lo que va del a\u00f1o diariamente se mantuvo por encima de mil casos.<\/p>\n<p>&nbsp;<\/p>\n<blockquote><p>En base a las consultas que realiz\u00f3 desde la UIO se estim\u00f3 que \u201crepercuti\u00f3 entre 15 a 20% del personal\u201d en las empresas.<\/p><\/blockquote>\n<p>&nbsp;<\/p>\n<p>Vanesa Andreis coment\u00f3 a modo de ejemplo las consultas que ella misma hizo, y se\u00f1al\u00f3 que <em>\u201cuna empresa de servicios con una administraci\u00f3n de 10 a 15 personas quedaba solo una trabajando. En una cantera, s\u00f3lo el due\u00f1o y un empleado trabajaron toda la semana ya que el resto, cuatro obreros, quedaron aislados y estuvieron enfermos\u201d<\/em>. Sum\u00f3 otro componente que son<strong> periodos habituales de vacaciones<\/strong> para muchos trabajadores, con lo cual ya hab\u00eda una reducci\u00f3n de planta de empleados.<\/p>\n<p>&nbsp;<\/p>\n<p><img data-recalc-dims=\"1\" loading=\"lazy\" decoding=\"async\" class=\"alignnone size-full wp-image-31561\" src=\"https:\/\/i0.wp.com\/cdnoticias.com\/wp-content\/uploads\/2021\/09\/union-industrial-generica-02.jpg?resize=800%2C445&#038;ssl=1\" alt=\"\" width=\"800\" height=\"445\" srcset=\"https:\/\/i0.wp.com\/cdnoticias.com\/wp-content\/uploads\/2021\/09\/union-industrial-generica-02.jpg?w=800&amp;ssl=1 800w, https:\/\/i0.wp.com\/cdnoticias.com\/wp-content\/uploads\/2021\/09\/union-industrial-generica-02.jpg?resize=300%2C167&amp;ssl=1 300w, https:\/\/i0.wp.com\/cdnoticias.com\/wp-content\/uploads\/2021\/09\/union-industrial-generica-02.jpg?resize=768%2C427&amp;ssl=1 768w\" sizes=\"auto, (max-width: 800px) 100vw, 800px\" \/><\/p>\n<p>&nbsp;<\/p>\n<p>Ante esto <strong>defini\u00f3 la situaci\u00f3n como \u201cbastante complicada\u201d<\/strong> y destac\u00f3 positivamente el <a href=\"https:\/\/cdnoticias.com\/index.php\/2022\/01\/13\/contactos-estrechos-asintomaticos-y-vacunados-sin-aislamiento-obligatorio\/\" target=\"_blank\" rel=\"noopener\">nuevo protocolo sanitario que ya no obliga al aislamiento de los contactos en ciertos casos<\/a>. <strong>\u201cEl aislamiento por contacto va a ser menos impactante\u201d proyect\u00f3<\/strong>.<\/p>\n<p>&nbsp;<\/p>\n<blockquote><p>\u00bfSe vio afectada la producci\u00f3n? Vanesa respondi\u00f3 que \u201cse redujo mucho la producci\u00f3n\u201d, al tiempo que advirti\u00f3 que no se registraron casos de empresas que hayan tenido que parar a cero sus labores. En este punto, tuvo en cuenta que el sistema de producci\u00f3n en general es de \u201cproceso continuo\u201d, lo cual conlleva que \u201ccerrar implica un costo muy importante\u201d.<\/p><\/blockquote>\n<p>&nbsp;<\/p>\n<p>Sin embargo, se\u00f1al\u00f3 que <strong>se dieron una multiplicidad de situaciones<\/strong> en paralelo. Algunas firmas retomaron el <strong>trabajo en burbujas<\/strong>, otras decidieron hacer su <strong>cierre anual por vacaciones<\/strong> (ya sea porque siempre lo hacen en los primeros d\u00edas de enero, o porque lo movieron ante la situaci\u00f3n sanitaria), y en otros casos se\u00f1al\u00f3 que <strong>algunos empleados presentaron \u201cPCR negativo\u201d<\/strong> para mantener su asistencia, a pesar de ser considerados contacto de un contagiado. <em>\u201cNadie quiere faltar a su puesto de trabajo, ha sido muy particular lo de estos \u00faltimos 15 d\u00edas\u201d<\/em> defini\u00f3.<\/p>\n<p>&nbsp;<\/p>\n<p><strong>Reducci\u00f3n del consumo el\u00e9ctrico<\/strong><\/p>\n<p>&nbsp;<\/p>\n<p>Andreis respondi\u00f3 que <a href=\"https:\/\/cdnoticias.com\/index.php\/2022\/01\/13\/ola-de-calor-pedido-a-las-industrias-para-reducir-la-demanda-de-energia\/\" target=\"_blank\" rel=\"noopener\">el planteo de la Secretar\u00eda de Energ\u00eda a las c\u00e1maras empresarias e industriales<\/a> para que las empresas reduzcan su consumo energ\u00e9tico este jueves y viernes <strong>fue \u201cun pedido de colaboraci\u00f3n\u201d y que supone adem\u00e1s \u201cser un poco m\u00e1s conscientes del consumo energ\u00e9tico\u201d<\/strong>.<\/p>\n<p>&nbsp;<\/p>\n<p>En este punto, se\u00f1al\u00f3 que los problemas de abastecimiento y consumo \u201cse dan en todo el mundo\u201d y apel\u00f3 a que <strong>\u201ccomo vecinos tenemos que tomar conciencia de que tenemos h\u00e1bitos de consumo por modificar\u201d<\/strong>.<\/p>\n<p>&nbsp;<\/p>\n<p><img data-recalc-dims=\"1\" loading=\"lazy\" decoding=\"async\" class=\"size-full wp-image-39703 aligncenter\" src=\"https:\/\/i0.wp.com\/cdnoticias.com\/wp-content\/uploads\/2021\/11\/dib-electricidad.jpg?resize=696%2C462&#038;ssl=1\" alt=\"\" width=\"696\" height=\"462\" srcset=\"https:\/\/i0.wp.com\/cdnoticias.com\/wp-content\/uploads\/2021\/11\/dib-electricidad.jpg?w=696&amp;ssl=1 696w, https:\/\/i0.wp.com\/cdnoticias.com\/wp-content\/uploads\/2021\/11\/dib-electricidad.jpg?resize=300%2C199&amp;ssl=1 300w, https:\/\/i0.wp.com\/cdnoticias.com\/wp-content\/uploads\/2021\/11\/dib-electricidad.jpg?resize=272%2C182&amp;ssl=1 272w\" sizes=\"auto, (max-width: 696px) 100vw, 696px\" \/><\/p>\n<p>&nbsp;<\/p>\n<p>Adem\u00e1s de ser integrante de la comisi\u00f3n directiva de la UIO, Vanesa Andreis es secretaria del Cuerpo de Delegados de Coopelectric. En ese marco, hizo referencia a la <strong>ardua labor de los operarios de la cooperativa para dar respuesta a las demandas de estos d\u00edas.<\/strong><\/p>\n<p>&nbsp;<\/p>\n<blockquote><p>En cuanto a la situaci\u00f3n de la industria, remarc\u00f3 que \u201ca una empresa no le conviene tener mal uso de la energ\u00eda\u201d. Advirti\u00f3 que hay aspectos dif\u00edciles de modificar, vinculados al tipo de procesos productivos o maquinarias utilizadas, al tiempo que destac\u00f3 que cuando se logra hacer un cambio para reducir el consumo econ\u00f3micamente se nota mucho para los costos de esa empresa.<\/p><\/blockquote>\n<p>&nbsp;<\/p>\n<p>\u201cLa soluci\u00f3n no es s\u00f3lo la queja ante esto que pasa ahora, <strong>hay que invertir en energ\u00edas renovables. No es s\u00f3lo por el planeta, es el consumo y es la econom\u00eda<\/strong>\u201d plante\u00f3 aunque en paralelo reconoci\u00f3 que para las industrias se trata de proyecciones a largo plazo que, ante la urgencia de situaciones por atender y los vaivenes econ\u00f3micos del pa\u00eds, suelen relegarse.<\/p>\n<p>&nbsp;<\/p>\n","protected":false},"excerpt":{"rendered":"<p>Lo expuso la integrante de la Uni\u00f3n Industrial, Vanesa Andreis. Repar\u00f3 en que hubo contagios y tambi\u00e9n los aislamientos por<\/p>\n","protected":false},"author":4,"featured_media":41778,"comment_status":"closed","ping_status":"closed","sticky":false,"template":"","format":"standard","meta":{"_jetpack_memberships_contains_paid_content":false,"footnotes":""},"categories":[5,1],"tags":[],"class_list":["post-43976","post","type-post","status-publish","format-standard","has-post-thumbnail","hentry","category-informacion-general","category-portada"],"jetpack_featured_media_url":"https:\/\/i0.wp.com\/cdnoticias.com\/wp-content\/uploads\/2021\/12\/parque-industrial-00.jpg?fit=800%2C445&ssl=1","jetpack_sharing_enabled":true,"_links":{"self":[{"href":"https:\/\/cdnoticias.com\/index.php\/wp-json\/wp\/v2\/posts\/43976","targetHints":{"allow":["GET"]}}],"collection":[{"href":"https:\/\/cdnoticias.com\/index.php\/wp-json\/wp\/v2\/posts"}],"about":[{"href":"https:\/\/cdnoticias.com\/index.php\/wp-json\/wp\/v2\/types\/post"}],"author":[{"embeddable":true,"href":"https:\/\/cdnoticias.com\/index.php\/wp-json\/wp\/v2\/users\/4"}],"replies":[{"embeddable":true,"href":"https:\/\/cdnoticias.com\/index.php\/wp-json\/wp\/v2\/comments?post=43976"}],"version-history":[{"count":0,"href":"https:\/\/cdnoticias.com\/index.php\/wp-json\/wp\/v2\/posts\/43976\/revisions"}],"wp:featuredmedia":[{"embeddable":true,"href":"https:\/\/cdnoticias.com\/index.php\/wp-json\/wp\/v2\/media\/41778"}],"wp:attachment":[{"href":"https:\/\/cdnoticias.com\/index.php\/wp-json\/wp\/v2\/media?parent=43976"}],"wp:term":[{"taxonomy":"category","embeddable":true,"href":"https:\/\/cdnoticias.com\/index.php\/wp-json\/wp\/v2\/categories?post=43976"},{"taxonomy":"post_tag","embeddable":true,"href":"https:\/\/cdnoticias.com\/index.php\/wp-json\/wp\/v2\/tags?post=43976"}],"curies":[{"name":"wp","href":"https:\/\/api.w.org\/{rel}","templated":true}]}}