{"id":43933,"date":"2022-01-13T20:10:42","date_gmt":"2022-01-13T23:10:42","guid":{"rendered":"https:\/\/www.centraldenoticias.com.ar\/?p=43933"},"modified":"2022-01-13T20:44:05","modified_gmt":"2022-01-13T23:44:05","slug":"el-intendente-convoco-a-una-conferencia-de-prensa-por-la-situacion-sanitaria-2","status":"publish","type":"post","link":"https:\/\/cdnoticias.com\/index.php\/2022\/01\/13\/el-intendente-convoco-a-una-conferencia-de-prensa-por-la-situacion-sanitaria-2\/","title":{"rendered":"El intendente convoc\u00f3 a una conferencia de prensa por la situaci\u00f3n sanitaria"},"content":{"rendered":"<p>Ser\u00e1 en la ma\u00f1ana de este viernes en el Sal\u00f3n Blanco. No se arrojaron detalles acerca del contenido o anuncios de la misma. Cobertura en vivo a trav\u00e9s de las redes sociales de Central de Noticias.<!--more--><\/p>\n<hr \/>\n<p><strong>Olavarr\u00eda super\u00f3 en las \u00faltimas horas los 4200 casos activos de Coronavirus<\/strong>, inclusive sum\u00f3<a href=\"https:\/\/cdnoticias.com\/index.php\/2022\/01\/13\/murio-un-hombre-de-30-anos-con-covid19\/\" target=\"_blank\" rel=\"noopener\"> la muerte de otro paciente positivo de Covid19<\/a>. En ese marco, en la tarde de este jueves desde el municipio se convoc\u00f3 a una conferencia de prensa.<\/p>\n<p>&nbsp;<\/p>\n<p>Fue precisamente el intendente Ezequiel Galli quien convoc\u00f3 <strong>a una rueda de prensa que fue pautada para las 10 de la ma\u00f1ana de este viernes<\/strong>, la cual tendr\u00e1 como escenario el sal\u00f3n blanco del palacio municipal.<\/p>\n<p>&nbsp;<\/p>\n<p>Por estas horas no trascendieron mayores detalles del contenido o anuncios de la misma. <strong>La conferencia ser\u00e1 transmitida a trav\u00e9s de las redes sociales de <em>Central de Noticias.<\/em><\/strong><\/p>\n<p>&nbsp;<\/p>\n<p>La \u00faltima conferencia realizada por el intendente Galli fue el 1 de octubre cuando anunci\u00f3 la adhesi\u00f3n a las medidas de flexibilizaci\u00f3n anunciadas por el gobierno nacional. En ese momento, Galli se\u00f1al\u00f3 que <a href=\"https:\/\/cdnoticias.com\/index.php\/2021\/10\/02\/nuevas-medidas-sanitarias-vamos-a-acatar-las-medidas-del-gobierno-nacional\/\" target=\"_blank\" rel=\"noopener\">\u201cno va a haber decreto municipal, vamos a acatar las medidas determinadas por el gobierno nacional\u201d.\u00a0<\/a><\/p>\n","protected":false},"excerpt":{"rendered":"<p>Ser\u00e1 en la ma\u00f1ana de este viernes en el Sal\u00f3n Blanco. No se arrojaron detalles acerca del contenido o anuncios<\/p>\n","protected":false},"author":3,"featured_media":28938,"comment_status":"closed","ping_status":"closed","sticky":false,"template":"","format":"standard","meta":{"_jetpack_memberships_contains_paid_content":false,"footnotes":""},"categories":[16,1],"tags":[],"class_list":["post-43933","post","type-post","status-publish","format-standard","has-post-thumbnail","hentry","category-covid-19","category-portada"],"jetpack_featured_media_url":"https:\/\/i0.wp.com\/cdnoticias.com\/wp-content\/uploads\/2021\/08\/galli-conferencia-covid3.jpg?fit=4608%2C3072&ssl=1","jetpack_sharing_enabled":true,"_links":{"self":[{"href":"https:\/\/cdnoticias.com\/index.php\/wp-json\/wp\/v2\/posts\/43933","targetHints":{"allow":["GET"]}}],"collection":[{"href":"https:\/\/cdnoticias.com\/index.php\/wp-json\/wp\/v2\/posts"}],"about":[{"href":"https:\/\/cdnoticias.com\/index.php\/wp-json\/wp\/v2\/types\/post"}],"author":[{"embeddable":true,"href":"https:\/\/cdnoticias.com\/index.php\/wp-json\/wp\/v2\/users\/3"}],"replies":[{"embeddable":true,"href":"https:\/\/cdnoticias.com\/index.php\/wp-json\/wp\/v2\/comments?post=43933"}],"version-history":[{"count":0,"href":"https:\/\/cdnoticias.com\/index.php\/wp-json\/wp\/v2\/posts\/43933\/revisions"}],"wp:featuredmedia":[{"embeddable":true,"href":"https:\/\/cdnoticias.com\/index.php\/wp-json\/wp\/v2\/media\/28938"}],"wp:attachment":[{"href":"https:\/\/cdnoticias.com\/index.php\/wp-json\/wp\/v2\/media?parent=43933"}],"wp:term":[{"taxonomy":"category","embeddable":true,"href":"https:\/\/cdnoticias.com\/index.php\/wp-json\/wp\/v2\/categories?post=43933"},{"taxonomy":"post_tag","embeddable":true,"href":"https:\/\/cdnoticias.com\/index.php\/wp-json\/wp\/v2\/tags?post=43933"}],"curies":[{"name":"wp","href":"https:\/\/api.w.org\/{rel}","templated":true}]}}