{"id":43930,"date":"2022-01-13T19:29:13","date_gmt":"2022-01-13T22:29:13","guid":{"rendered":"https:\/\/www.centraldenoticias.com.ar\/?p=43930"},"modified":"2022-01-13T19:29:13","modified_gmt":"2022-01-13T22:29:13","slug":"la-inflacion-de-diciembre-fue-38-y-2021-cerro-con-509-de-incremento","status":"publish","type":"post","link":"https:\/\/cdnoticias.com\/index.php\/2022\/01\/13\/la-inflacion-de-diciembre-fue-38-y-2021-cerro-con-509-de-incremento\/","title":{"rendered":"La inflaci\u00f3n de diciembre fue 3,8% y 2021 cerr\u00f3 con 50,9% de incremento"},"content":{"rendered":"<p>Es la segunda tasa m\u00e1s alta desde 1991. El r\u00e9cod fue 2019, con 53%.<!--more--><\/p>\n<hr \/>\n<p>La inflaci\u00f3n de diciembre <strong>trep\u00f3 al 3,8%<\/strong> y de esta manera<strong> el 2021 cerr\u00f3 con una suba acumulada del 50,9% por ciento<\/strong>, de acuerdo a los n\u00fameros oficiales que acaba de informar el Indec.<\/p>\n<p>&nbsp;<\/p>\n<p>La inflaci\u00f3n de 2021 fue la segunda m\u00e1s alta desde 1991 -el r\u00e9cord fue el de 2019- y fue impulsada b\u00e1sicamente por las subas en los alimentos -que <strong>acumularon un incremento en doce meses del 50,3 por ciento.<\/strong><\/p>\n<p>&nbsp;<\/p>\n<p>Para diciembre el mercado anticipaba una inflaci\u00f3n de 3,4%, de acuerdo al promedio de las proyecciones que elabora el Banco Central, que fue superado por el n\u00famero oficial informado durante esta jornada. Se trata de la suba intermensual m\u00e1s alta desde abril pasado, cuando la marca fue 4,1%.<\/p>\n<p>&nbsp;<\/p>\n<p>Fuente: DIB<\/p>\n","protected":false},"excerpt":{"rendered":"<p>Es la segunda tasa m\u00e1s alta desde 1991. El r\u00e9cod fue 2019, con 53%.<\/p>\n","protected":false},"author":5,"featured_media":13166,"comment_status":"closed","ping_status":"closed","sticky":false,"template":"","format":"standard","meta":{"_jetpack_memberships_contains_paid_content":false,"footnotes":""},"categories":[6],"tags":[],"class_list":["post-43930","post","type-post","status-publish","format-standard","has-post-thumbnail","hentry","category-nacionales"],"jetpack_featured_media_url":"https:\/\/i0.wp.com\/cdnoticias.com\/wp-content\/uploads\/2021\/02\/5ff73f8fb1140.jpg?fit=718%2C405&ssl=1","jetpack_sharing_enabled":true,"_links":{"self":[{"href":"https:\/\/cdnoticias.com\/index.php\/wp-json\/wp\/v2\/posts\/43930","targetHints":{"allow":["GET"]}}],"collection":[{"href":"https:\/\/cdnoticias.com\/index.php\/wp-json\/wp\/v2\/posts"}],"about":[{"href":"https:\/\/cdnoticias.com\/index.php\/wp-json\/wp\/v2\/types\/post"}],"author":[{"embeddable":true,"href":"https:\/\/cdnoticias.com\/index.php\/wp-json\/wp\/v2\/users\/5"}],"replies":[{"embeddable":true,"href":"https:\/\/cdnoticias.com\/index.php\/wp-json\/wp\/v2\/comments?post=43930"}],"version-history":[{"count":0,"href":"https:\/\/cdnoticias.com\/index.php\/wp-json\/wp\/v2\/posts\/43930\/revisions"}],"wp:featuredmedia":[{"embeddable":true,"href":"https:\/\/cdnoticias.com\/index.php\/wp-json\/wp\/v2\/media\/13166"}],"wp:attachment":[{"href":"https:\/\/cdnoticias.com\/index.php\/wp-json\/wp\/v2\/media?parent=43930"}],"wp:term":[{"taxonomy":"category","embeddable":true,"href":"https:\/\/cdnoticias.com\/index.php\/wp-json\/wp\/v2\/categories?post=43930"},{"taxonomy":"post_tag","embeddable":true,"href":"https:\/\/cdnoticias.com\/index.php\/wp-json\/wp\/v2\/tags?post=43930"}],"curies":[{"name":"wp","href":"https:\/\/api.w.org\/{rel}","templated":true}]}}