{"id":43899,"date":"2022-01-13T16:54:46","date_gmt":"2022-01-13T19:54:46","guid":{"rendered":"https:\/\/www.centraldenoticias.com.ar\/?p=43899"},"modified":"2022-01-13T16:54:46","modified_gmt":"2022-01-13T19:54:46","slug":"union-industrial-adhiere-al-uso-eficiente-de-la-energia-debido-a-las-altas-temperaturas","status":"publish","type":"post","link":"https:\/\/cdnoticias.com\/index.php\/2022\/01\/13\/union-industrial-adhiere-al-uso-eficiente-de-la-energia-debido-a-las-altas-temperaturas\/","title":{"rendered":"Uni\u00f3n Industrial adhiere al uso eficiente de la energ\u00eda debido a las altas temperaturas"},"content":{"rendered":"<p>Se solicit\u00f3 a sus socios reducir al m\u00e1ximo posible el consumo energ\u00e9tico durante el 13 y 14 de enero.<!--more--><\/p>\n<hr \/>\n<p>&nbsp;<\/p>\n<p><strong>Uni\u00f3n Industrial de Olavarr\u00eda<\/strong> inform\u00f3 que <strong>adhieren a las solicitudes<\/strong> de las diferentes c\u00e1maras y federaciones <strong>respecto al uso eficiente de la energ\u00eda los d\u00edas 13 y 14 de enero debido a las altas temperaturas.\u00a0<\/strong><\/p>\n<p>&nbsp;<\/p>\n<p>&#8220;Ante la<strong> ola de calor extremo que llev\u00f3 a un m\u00e1ximo hist\u00f3rico en la demanda de energ\u00eda,<\/strong> <strong>solicitamos a todos nuestros socios la m\u00e1xima colaboraci\u00f3n<\/strong> en este sentido, procurando<strong> reducir al m\u00e1ximo posible el consumo energ\u00e9tico durante el d\u00eda de hoy y ma\u00f1ana<\/strong> desde las<strong> 12:00 hasta las 17:00 <\/strong>para <strong>evitar saturar el sistema<\/strong> y generar mayores problemas en el proceso productivo&#8221; se indic\u00f3.<\/p>\n<p>&nbsp;<\/p>\n<p>Por \u00faltimo se explic\u00f3 que &#8220;<strong>para afrontar esta emergencia<\/strong> la colaboraci\u00f3n d<strong>esde la demanda industrial es aplicar al m\u00e1ximo posible el Uso Racional y Eficiente de la Energ\u00eda<\/strong> como as\u00ed tambi\u00e9n la <strong>generaci\u00f3n propia en las plantas<\/strong> y difundir entre el personal una actitud similar en el comportamiento en <strong>sus domicilios&#8221;.\u00a0<\/strong><\/p>\n<p>&nbsp;<\/p>\n<p>&nbsp;<\/p>\n<p>&nbsp;<\/p>\n","protected":false},"excerpt":{"rendered":"<p>Se solicit\u00f3 a sus socios reducir al m\u00e1ximo posible el consumo energ\u00e9tico durante el 13 y 14 de enero.<\/p>\n","protected":false},"author":6,"featured_media":43900,"comment_status":"closed","ping_status":"closed","sticky":false,"template":"","format":"standard","meta":{"_jetpack_memberships_contains_paid_content":false,"footnotes":""},"categories":[5,1],"tags":[],"class_list":["post-43899","post","type-post","status-publish","format-standard","has-post-thumbnail","hentry","category-informacion-general","category-portada"],"jetpack_featured_media_url":"https:\/\/i0.wp.com\/cdnoticias.com\/wp-content\/uploads\/2022\/01\/WhatsApp-Image-2022-01-13-at-14.41.37.jpeg?fit=720%2C1080&ssl=1","jetpack_sharing_enabled":true,"_links":{"self":[{"href":"https:\/\/cdnoticias.com\/index.php\/wp-json\/wp\/v2\/posts\/43899","targetHints":{"allow":["GET"]}}],"collection":[{"href":"https:\/\/cdnoticias.com\/index.php\/wp-json\/wp\/v2\/posts"}],"about":[{"href":"https:\/\/cdnoticias.com\/index.php\/wp-json\/wp\/v2\/types\/post"}],"author":[{"embeddable":true,"href":"https:\/\/cdnoticias.com\/index.php\/wp-json\/wp\/v2\/users\/6"}],"replies":[{"embeddable":true,"href":"https:\/\/cdnoticias.com\/index.php\/wp-json\/wp\/v2\/comments?post=43899"}],"version-history":[{"count":0,"href":"https:\/\/cdnoticias.com\/index.php\/wp-json\/wp\/v2\/posts\/43899\/revisions"}],"wp:featuredmedia":[{"embeddable":true,"href":"https:\/\/cdnoticias.com\/index.php\/wp-json\/wp\/v2\/media\/43900"}],"wp:attachment":[{"href":"https:\/\/cdnoticias.com\/index.php\/wp-json\/wp\/v2\/media?parent=43899"}],"wp:term":[{"taxonomy":"category","embeddable":true,"href":"https:\/\/cdnoticias.com\/index.php\/wp-json\/wp\/v2\/categories?post=43899"},{"taxonomy":"post_tag","embeddable":true,"href":"https:\/\/cdnoticias.com\/index.php\/wp-json\/wp\/v2\/tags?post=43899"}],"curies":[{"name":"wp","href":"https:\/\/api.w.org\/{rel}","templated":true}]}}