{"id":43881,"date":"2022-01-13T11:55:10","date_gmt":"2022-01-13T14:55:10","guid":{"rendered":"https:\/\/www.centraldenoticias.com.ar\/?p=43881"},"modified":"2022-01-13T12:33:11","modified_gmt":"2022-01-13T15:33:11","slug":"el-mte-convoca-a-una-movilizacion-ante-el-hostigamiento-municipal","status":"publish","type":"post","link":"https:\/\/cdnoticias.com\/index.php\/2022\/01\/13\/el-mte-convoca-a-una-movilizacion-ante-el-hostigamiento-municipal\/","title":{"rendered":"El MTE convoca a una movilizaci\u00f3n \u201cante el hostigamiento municipal\u201d"},"content":{"rendered":"<p>Denunciaron que feriantes fueron \u201cinfraccionados\u201d a pesar del intento de la agrupaci\u00f3n de regular la situaci\u00f3n de una feria con el Municipio. \u201cNunca tuvimos respuesta\u201d se\u00f1alaron. <!--more--><\/p>\n<hr \/>\n<p>El pr\u00f3ximo<strong> lunes 17 de enero a las 11:30 horas, el MTE se movilizar\u00e1 hasta el Juzgado de Faltas Municipal para \u201cacompa\u00f1ar la declaraci\u00f3n de lxs compa\u00f1erxs feriantes\u201d luego de ser infraccionados por vender al aire libre sin la habilitaci\u00f3n correspondiente.<\/strong> La agrupaci\u00f3n denunci\u00f3 que el Municipio no respondi\u00f3 ante su pedido de regularizar la situaci\u00f3n.<\/p>\n<p>&nbsp;<\/p>\n<p>La situaci\u00f3n data de al menos dos meses atr\u00e1s<em>: \u201cel d\u00eda 20 de noviembre cay\u00f3 Control Urbano por primera vez a nuestra feria, dej\u00e1ndonos una notificaci\u00f3n de que la venta en el espacio p\u00fablico tiene que estar habilitada por la secretaria de Diego Robbiani (Secretario de Desarrollo Humano y Calidad de Vida), que solicitemos una reuni\u00f3n para tramitar los permisos\u201d.<\/em><\/p>\n<p>&nbsp;<\/p>\n<blockquote><p>El MTE, cuatro d\u00eda despu\u00e9s, emiti\u00f3 una carta hacia el funcionario <strong><em>\u201cexplic\u00e1ndole la situaci\u00f3n de la feria, que solicit\u00e1bamos la reuni\u00f3n con el fin de laburar en conjunto para regularizarla. Nunca tuvimos respuesta\u201d<\/em><\/strong>.<\/p><\/blockquote>\n<p>&nbsp;<\/p>\n<p>La agrupaci\u00f3n se\u00f1al\u00f3 que la feria (que se realiza en el Cors\u00f3dromo en la zona de la Estaci\u00f3n El Provincial) \u201cven\u00eda funcionando normalmente. Luego de las elecciones ya no hubo invitaci\u00f3n al dialogo, no hubo intenci\u00f3n de resolver nada, solo de no dejarnos trabajar, de tratarnos como delincuentes enviando a la polic\u00eda todos los fines de semanas para redactar actas, solo por querer poner el pan arriba de la mesa dignamente\u201d denunciaron.<\/p>\n<p>&nbsp;<\/p>\n<p>Es por eso que el lunes pr\u00f3ximo \u201cestamos citados al juzgado por esas contravenciones, quieren multarnos por trabajar, nos quieren asustar, nos quieren cobrar por laburar\u201d.<\/p>\n","protected":false},"excerpt":{"rendered":"<p>Denunciaron que feriantes fueron \u201cinfraccionados\u201d a pesar del intento de la agrupaci\u00f3n de regular la situaci\u00f3n de una feria con<\/p>\n","protected":false},"author":2,"featured_media":35179,"comment_status":"closed","ping_status":"closed","sticky":false,"template":"","format":"standard","meta":{"_jetpack_memberships_contains_paid_content":false,"footnotes":""},"categories":[5,1],"tags":[],"class_list":["post-43881","post","type-post","status-publish","format-standard","has-post-thumbnail","hentry","category-informacion-general","category-portada"],"jetpack_featured_media_url":"https:\/\/i0.wp.com\/cdnoticias.com\/wp-content\/uploads\/2021\/10\/mte-feria.jpg?fit=1440%2C953&ssl=1","jetpack_sharing_enabled":true,"_links":{"self":[{"href":"https:\/\/cdnoticias.com\/index.php\/wp-json\/wp\/v2\/posts\/43881","targetHints":{"allow":["GET"]}}],"collection":[{"href":"https:\/\/cdnoticias.com\/index.php\/wp-json\/wp\/v2\/posts"}],"about":[{"href":"https:\/\/cdnoticias.com\/index.php\/wp-json\/wp\/v2\/types\/post"}],"author":[{"embeddable":true,"href":"https:\/\/cdnoticias.com\/index.php\/wp-json\/wp\/v2\/users\/2"}],"replies":[{"embeddable":true,"href":"https:\/\/cdnoticias.com\/index.php\/wp-json\/wp\/v2\/comments?post=43881"}],"version-history":[{"count":0,"href":"https:\/\/cdnoticias.com\/index.php\/wp-json\/wp\/v2\/posts\/43881\/revisions"}],"wp:featuredmedia":[{"embeddable":true,"href":"https:\/\/cdnoticias.com\/index.php\/wp-json\/wp\/v2\/media\/35179"}],"wp:attachment":[{"href":"https:\/\/cdnoticias.com\/index.php\/wp-json\/wp\/v2\/media?parent=43881"}],"wp:term":[{"taxonomy":"category","embeddable":true,"href":"https:\/\/cdnoticias.com\/index.php\/wp-json\/wp\/v2\/categories?post=43881"},{"taxonomy":"post_tag","embeddable":true,"href":"https:\/\/cdnoticias.com\/index.php\/wp-json\/wp\/v2\/tags?post=43881"}],"curies":[{"name":"wp","href":"https:\/\/api.w.org\/{rel}","templated":true}]}}