{"id":43879,"date":"2022-01-13T11:34:29","date_gmt":"2022-01-13T14:34:29","guid":{"rendered":"https:\/\/www.centraldenoticias.com.ar\/?p=43879"},"modified":"2022-01-13T11:34:29","modified_gmt":"2022-01-13T14:34:29","slug":"ley-que-permite-a-los-intendentes-una-reeleccion-mas-ya-esta-reglamentada","status":"publish","type":"post","link":"https:\/\/cdnoticias.com\/index.php\/2022\/01\/13\/ley-que-permite-a-los-intendentes-una-reeleccion-mas-ya-esta-reglamentada\/","title":{"rendered":"Ley que permite a los intendentes una reelecci\u00f3n m\u00e1s ya est\u00e1 reglamentada"},"content":{"rendered":"<p>La norma se public\u00f3 en el Bolet\u00edn Oficial. Gener\u00f3 mucha pol\u00e9mica. Tambi\u00e9n beneficia a legisladores, concejales y consejeros escolares.<!--more--><\/p>\n<hr \/>\n<p><strong>La modificaci\u00f3n a la Ley de Reelecciones de los intendentes, legisladores, concejales y consejeros escolares<\/strong> en la provincia de Buenos Aires sancionada en diciembre pasado comenz\u00f3 a regir este jueves, a partir de su publicaci\u00f3n en el Bolet\u00edn Oficial.<\/p>\n<p>&nbsp;<\/p>\n<p>La ley 15.315, <a href=\"https:\/\/cdnoticias.com\/index.php\/2022\/01\/03\/galli-sobre-la-re-reeleccion-es-muy-prematuro-saber-si-uno-va-a-ser-candidato\/\" target=\"_blank\" rel=\"noopener\">votada en una sesi\u00f3n que la Legislatura el 28 de diciembre<\/a>, establece que<strong> jefes comunales, senadores, diputados, ediles y consejeros solo podr\u00e1 ser reelectos por un per\u00edodo consecutivo<\/strong>, aun cuando en el segundo mandato hayan estado a cargo de manera parcial.<\/p>\n<p>&nbsp;<\/p>\n<p>En sus cinco art\u00edculos, la nueva ley establece, b\u00e1sicamente, dos cuestiones. Por un lado, aunque se mantiene el l\u00edmite de dos mandatos consecutivos m\u00e1ximo, su c\u00f3mputo, que en la ley original se hac\u00eda desde 2015,<strong> ahora se cuenta desde 2017 o 2019<\/strong>. De ese modo, tanto intendentes, electos en 2015, como concejales o legisladores electos en 2017, pueden presentarse otra vez, en 2023 para intentar obtener un nuevo mandato.<\/p>\n<p>&nbsp;<\/p>\n<p>Por otro lado, se establece una cl\u00e1usula por la cual <strong>se cuentan los mandatos desde el primer d\u00eda que se ejercen<\/strong>.<\/p>\n<p>&nbsp;<\/p>\n<p><img data-recalc-dims=\"1\" loading=\"lazy\" decoding=\"async\" class=\"alignnone size-full wp-image-33276\" src=\"https:\/\/i0.wp.com\/cdnoticias.com\/wp-content\/uploads\/2021\/09\/kicillof-con-intendentes-00.jpg?resize=800%2C445&#038;ssl=1\" alt=\"\" width=\"800\" height=\"445\" srcset=\"https:\/\/i0.wp.com\/cdnoticias.com\/wp-content\/uploads\/2021\/09\/kicillof-con-intendentes-00.jpg?w=800&amp;ssl=1 800w, https:\/\/i0.wp.com\/cdnoticias.com\/wp-content\/uploads\/2021\/09\/kicillof-con-intendentes-00.jpg?resize=300%2C167&amp;ssl=1 300w, https:\/\/i0.wp.com\/cdnoticias.com\/wp-content\/uploads\/2021\/09\/kicillof-con-intendentes-00.jpg?resize=768%2C427&amp;ssl=1 768w\" sizes=\"auto, (max-width: 800px) 100vw, 800px\" \/><\/p>\n<p>&nbsp;<\/p>\n<p>El primer punto busc\u00f3 salvar una objeci\u00f3n que fue muy mencionada por quienes se opusieron a la ley. Se trata del argumento de que <strong>se trat\u00f3 de una legislaci\u00f3n retroactiva<\/strong>, aprobada en 2016 pero que establec\u00eda una disposici\u00f3n desde 2015.<\/p>\n<p>&nbsp;<\/p>\n<p>La segunda, un mecanismo que usaron muchos intendentes, sobre todo del oficialismo para no perder la posibilidad de renovar en 2023. Se trataba de<strong> tomar licencia antes de la mitad del segundo mandato<\/strong> y aprovechar un vac\u00edo legal que permit\u00eda de ese modo que ese segundo per\u00edodo no se le compute a los efectos del l\u00edmite de la reelecci\u00f3n. La mayor\u00eda de los alcaldes que optaron por esa v\u00eda, asumieron cargos ejecutivos, tanto a nivel nacional como provincial.<\/p>\n<p>&nbsp;<\/p>\n<blockquote><p>Ahora, habr\u00e1 dos mandatos como m\u00e1ximo con un l\u00edmite que opera en 2027 para los alcaldes y una cl\u00e1usula que impide que se repita el artilugio legal que se us\u00f3 esta vez, y que seg\u00fan varios opositores creaba una desigualdad ante la ley, ya que los oficialistas, con cargos para asumir en Ejecutivo, pudieron optar con m\u00e1s facilidad por ese mecanismo que el resto.<\/p><\/blockquote>\n<p>&nbsp;<\/p>\n<p>As\u00ed, los <strong>legisladores, ediles o intendentes que fueron electos en 2017, 2019 y 2021 podr\u00e1n volver a presentarse en 2023<\/strong> dado que el actual se considera como su primer per\u00edodo. La reforma que regula las reelecciones, acompa\u00f1ada por los legisladores tanto del oficialismo como de la oposici\u00f3n -salvo el massismo, la izquierda, los libertarios y el vidalismo- surgi\u00f3 tras el debate que indicaba que ninguna ley puede ser retroactiva.<\/p>\n<p>&nbsp;<\/p>\n<p>Fuente: <em>Agencia DIB<\/em><\/p>\n","protected":false},"excerpt":{"rendered":"<p>La norma se public\u00f3 en el Bolet\u00edn Oficial. Gener\u00f3 mucha pol\u00e9mica. Tambi\u00e9n beneficia a legisladores, concejales y consejeros escolares.<\/p>\n","protected":false},"author":4,"featured_media":40818,"comment_status":"closed","ping_status":"closed","sticky":false,"template":"","format":"standard","meta":{"_jetpack_memberships_contains_paid_content":false,"footnotes":""},"categories":[6,1],"tags":[],"class_list":["post-43879","post","type-post","status-publish","format-standard","has-post-thumbnail","hentry","category-nacionales","category-portada"],"jetpack_featured_media_url":"https:\/\/i0.wp.com\/cdnoticias.com\/wp-content\/uploads\/2021\/12\/DIB-Kicillof-intendentes-696x464.jpg?fit=696%2C464&ssl=1","jetpack_sharing_enabled":true,"_links":{"self":[{"href":"https:\/\/cdnoticias.com\/index.php\/wp-json\/wp\/v2\/posts\/43879","targetHints":{"allow":["GET"]}}],"collection":[{"href":"https:\/\/cdnoticias.com\/index.php\/wp-json\/wp\/v2\/posts"}],"about":[{"href":"https:\/\/cdnoticias.com\/index.php\/wp-json\/wp\/v2\/types\/post"}],"author":[{"embeddable":true,"href":"https:\/\/cdnoticias.com\/index.php\/wp-json\/wp\/v2\/users\/4"}],"replies":[{"embeddable":true,"href":"https:\/\/cdnoticias.com\/index.php\/wp-json\/wp\/v2\/comments?post=43879"}],"version-history":[{"count":0,"href":"https:\/\/cdnoticias.com\/index.php\/wp-json\/wp\/v2\/posts\/43879\/revisions"}],"wp:featuredmedia":[{"embeddable":true,"href":"https:\/\/cdnoticias.com\/index.php\/wp-json\/wp\/v2\/media\/40818"}],"wp:attachment":[{"href":"https:\/\/cdnoticias.com\/index.php\/wp-json\/wp\/v2\/media?parent=43879"}],"wp:term":[{"taxonomy":"category","embeddable":true,"href":"https:\/\/cdnoticias.com\/index.php\/wp-json\/wp\/v2\/categories?post=43879"},{"taxonomy":"post_tag","embeddable":true,"href":"https:\/\/cdnoticias.com\/index.php\/wp-json\/wp\/v2\/tags?post=43879"}],"curies":[{"name":"wp","href":"https:\/\/api.w.org\/{rel}","templated":true}]}}