{"id":4387,"date":"2020-10-20T12:31:48","date_gmt":"2020-10-20T15:31:48","guid":{"rendered":"http:\/\/www.centraldenoticias.com.ar\/?p=4387"},"modified":"2020-10-20T13:37:23","modified_gmt":"2020-10-20T16:37:23","slug":"covid-en-lo-que-va-de-octubre-se-supero-la-cantidad-de-decesos-de-septiembre","status":"publish","type":"post","link":"https:\/\/cdnoticias.com\/index.php\/2020\/10\/20\/covid-en-lo-que-va-de-octubre-se-supero-la-cantidad-de-decesos-de-septiembre\/","title":{"rendered":"Covid: en lo que va de octubre, se super\u00f3 la cantidad de decesos de septiembre"},"content":{"rendered":"<p>El impacto de la pandemia este mes en Olavarr\u00eda ha dejado los registros m\u00e1ximos en todos los indicadores. En estos 20 d\u00edas de octubre, se detect\u00f3 la mitad de todos los casos confirmados desde marzo.<!--more--><\/p>\n<hr \/>\n<p><strong>Los casos de Covid-19 est\u00e1n en aumento desde fines de agosto en Olavarr\u00eda<\/strong>: el pico a\u00fan no se ha alcanzado y todos los indicadores se muestran en ascenso.<\/p>\n<p>El m\u00e1s preocupante, por su gravedad, es el de decesos: desde el inicio de la pandemia han fallecido 59 olavarrienses. El ritmo de fallecimientos acompa\u00f1a al de la detecci\u00f3n de casos. Y,<strong> en lo que va de octubre ya se super\u00f3 la cantidad de decesos de todo el <a href=\"https:\/\/cdnoticias.com\/index.php\/2020\/10\/01\/el-709-de-todos-los-casos-de-coronavirus-en-olavarria-se-dio-en-septiembre\/\" target=\"_blank\" rel=\"noopener\">mes de septiembre<\/a>.<\/strong><\/p>\n<p><iframe loading=\"lazy\" style=\"border: none;\" title=\"Covid octubre\" src=\"https:\/\/e.infogram.com\/b0e740ac-972d-4437-80c5-11e5a590dfd5?src=embed\" width=\"700\" height=\"1004\" frameborder=\"0\" scrolling=\"no\" allowfullscreen=\"allowfullscreen\"><\/iframe><\/p>\n<div style=\"padding: 8px 0; font-family: Arial!important; font-size: 13px!important; line-height: 15px!important; text-align: center; border-top: 1px solid #dadada; margin: 0 30px; width: 640px;\"><a style=\"color: #989898!important; text-decoration: none!important;\" href=\"https:\/\/infogram.com\/b0e740ac-972d-4437-80c5-11e5a590dfd5\" target=\"_blank\" rel=\"noopener\">Covid octubre<\/a><br \/>\n<a style=\"color: #989898!important; text-decoration: none!important;\" href=\"https:\/\/infogram.com\" target=\"_blank\" rel=\"nofollow noopener\">Infogram<\/a><\/div>\n<p>&nbsp;<\/p>\n<blockquote><p>Cabe recordar que en septiembre, fallecieron 24 personas que ten\u00edan coronavirus. En los primeros 19 d\u00edas de octubre, el total de muertes lleg\u00f3 a 25 este lunes. La semana epidemiol\u00f3gica 42 -del 11 al 17 de octubre- fue la que m\u00e1s fallecimientos registr\u00f3 en la pandemia con 12 decesos en total.<\/p><\/blockquote>\n<p>A su vez, <strong>en el mismo lapso se detect\u00f3 51% de todos los casos de Covid confirmados desde marzo a hoy<\/strong>. En estos siete meses, en Olavarr\u00eda se han confirmado 2.615 casos de coronavirus, de los cuales 1.300 se dieron en octubre. Justamente ayer, <a href=\"https:\/\/cdnoticias.com\/index.php\/2020\/10\/19\/nuevo-record-mas-de-200-casos-y-otra-muerte-de-un-paciente-positivo-de-covid19\/\">d\u00eda r\u00e9cord<\/a>, se confirmaron 204 casos.<\/p>\n<p><strong>Tasas de mortalidad y letalidad<\/strong><\/p>\n<p>Seg\u00fan los datos que da a conocer <a href=\"https:\/\/twitter.com\/fofoquiroga\/status\/1318338612363132928?s=20\" target=\"_blank\" rel=\"noopener\">diariamente Fernando Quiroga<\/a>, en Olavarr\u00eda <strong>la tasa de incidencia local -cu\u00e1ntas personas se contagian- se ubica en 2.179,17 cada 100.000 habitantes<\/strong>. La tasa de mortalidad -cu\u00e1ntas personas fallecen por el total de habitantes- es 49,17 cada 100.000 habitantes y la tasa de letalidad -cu\u00e1ntas personas fallecen de las que se enferman- es de 2,26.<\/p>\n<blockquote class=\"twitter-tweet\">\n<p dir=\"ltr\" lang=\"es\"><a href=\"https:\/\/twitter.com\/hashtag\/Olavarria?src=hash&amp;ref_src=twsrc%5Etfw\">#Olavarria<\/a> 19\/10 D\u00eda r\u00e9cord!!! <a href=\"https:\/\/t.co\/SPgbjauGza\">pic.twitter.com\/SPgbjauGza<\/a><\/p>\n<p>\u2014 Fernando Quiroga \u267b (@fofoquiroga) <a href=\"https:\/\/twitter.com\/fofoquiroga\/status\/1318338612363132928?ref_src=twsrc%5Etfw\">October 19, 2020<\/a><\/p><\/blockquote>\n<p><script async src=\"https:\/\/platform.twitter.com\/widgets.js\" charset=\"utf-8\"><\/script><\/p>\n<p>A modo de comparaci\u00f3n, <strong>en el promedio general de la Provincia de Buenos Aires la tasa de incidencia se ubica en 2.840,50 cada 100.000 habitantes<\/strong>, y si se toma s\u00f3lo el interior (todos los distritos por fuera del conurbano) la misma tasa es 1.855,42.<\/p>\n<blockquote><p>De esta manera, Olavarr\u00eda muestra una tasa de incidencia inferior al promedio provincial, pero superior al promedio de la regi\u00f3n interior.<\/p><\/blockquote>\n<p>En cuanto a la mortalidad, y tambi\u00e9n en base a <a href=\"https:\/\/cdnoticias.com\/index.php\/2020\/10\/19\/el-interior-bonaerense-representa-el-34-de-los-casos-de-la-provincia\/\" target=\"_blank\" rel=\"noopener\">datos difundidos por el Ministerio de Salud este lunes<\/a>, el promedio provincial es de 897,21 cada un mill\u00f3n de habitantes y la letalidad acumulada es de 3,16%.<\/p>\n<p>Si los mismos datos se contemplan para el \u201cinterior\u201d bonaerense, la tasa de mortalidad es 490,98 cada un mill\u00f3n de habitantes y la letalidad acumulada es 2,69%.<\/p>\n<p><strong>Total<\/strong><\/p>\n<p>Desde el inicio de la pandemia en Olavarr\u00eda, se han confirmado 2.615 casos de Covid-19 de los cuales 59 han fallecido y 1950 ya recibieron al alta.<\/p>\n<p>Se han descartado hasta el momento 4.051 testeos realizados. Con esto, son m\u00e1s de 6.600 las muestras analizadas hasta el momento.<\/p>\n<p>&nbsp;<\/p>\n","protected":false},"excerpt":{"rendered":"<p>El impacto de la pandemia este mes en Olavarr\u00eda ha dejado los registros m\u00e1ximos en todos los indicadores. En estos<\/p>\n","protected":false},"author":4,"featured_media":4388,"comment_status":"closed","ping_status":"closed","sticky":false,"template":"","format":"standard","meta":{"_jetpack_memberships_contains_paid_content":false,"footnotes":""},"categories":[5,1],"tags":[],"class_list":["post-4387","post","type-post","status-publish","format-standard","has-post-thumbnail","hentry","category-informacion-general","category-portada"],"jetpack_featured_media_url":"https:\/\/i0.wp.com\/cdnoticias.com\/wp-content\/uploads\/2020\/10\/covid-octubre.jpg?fit=800%2C447&ssl=1","jetpack_sharing_enabled":true,"_links":{"self":[{"href":"https:\/\/cdnoticias.com\/index.php\/wp-json\/wp\/v2\/posts\/4387","targetHints":{"allow":["GET"]}}],"collection":[{"href":"https:\/\/cdnoticias.com\/index.php\/wp-json\/wp\/v2\/posts"}],"about":[{"href":"https:\/\/cdnoticias.com\/index.php\/wp-json\/wp\/v2\/types\/post"}],"author":[{"embeddable":true,"href":"https:\/\/cdnoticias.com\/index.php\/wp-json\/wp\/v2\/users\/4"}],"replies":[{"embeddable":true,"href":"https:\/\/cdnoticias.com\/index.php\/wp-json\/wp\/v2\/comments?post=4387"}],"version-history":[{"count":0,"href":"https:\/\/cdnoticias.com\/index.php\/wp-json\/wp\/v2\/posts\/4387\/revisions"}],"wp:featuredmedia":[{"embeddable":true,"href":"https:\/\/cdnoticias.com\/index.php\/wp-json\/wp\/v2\/media\/4388"}],"wp:attachment":[{"href":"https:\/\/cdnoticias.com\/index.php\/wp-json\/wp\/v2\/media?parent=4387"}],"wp:term":[{"taxonomy":"category","embeddable":true,"href":"https:\/\/cdnoticias.com\/index.php\/wp-json\/wp\/v2\/categories?post=4387"},{"taxonomy":"post_tag","embeddable":true,"href":"https:\/\/cdnoticias.com\/index.php\/wp-json\/wp\/v2\/tags?post=4387"}],"curies":[{"name":"wp","href":"https:\/\/api.w.org\/{rel}","templated":true}]}}