{"id":43827,"date":"2022-01-12T15:42:49","date_gmt":"2022-01-12T18:42:49","guid":{"rendered":"https:\/\/www.centraldenoticias.com.ar\/?p=43827"},"modified":"2022-01-12T15:43:47","modified_gmt":"2022-01-12T18:43:47","slug":"este-jueves-habra-un-corte-de-luz-en-un-sector-de-la-ciudad","status":"publish","type":"post","link":"https:\/\/cdnoticias.com\/index.php\/2022\/01\/12\/este-jueves-habra-un-corte-de-luz-en-un-sector-de-la-ciudad\/","title":{"rendered":"Este jueves habr\u00e1 un corte de luz en un sector de la ciudad"},"content":{"rendered":"<p>Ser\u00e1 durante la ma\u00f1ana por tareas de mantenimiento.<span id=\"more-41931\"><\/span><!--more--><\/p>\n<hr \/>\n<p>&nbsp;<\/p>\n<p>Desde <strong>Coopelectric<\/strong> se inform\u00f3 que este<strong> jueves 13 de enero<\/strong> se registrar\u00e1 una <strong>interrupci\u00f3n por tareas de mantenimiento<\/strong> desde las <strong>6:00 hasta las 9:30.<\/strong><\/p>\n<p>&nbsp;<\/p>\n<p>El<strong> sector alcanzado<\/strong> por la interrupci\u00f3n ser\u00e1 el comprendido por<strong> avenida Urquiza, avenida Pueyrred\u00f3n, avenida Pellegrini y avenida Avellaneda.\u00a0<\/strong><\/p>\n<p>&nbsp;<\/p>\n<p>Por \u00faltimo se indic\u00f3 que si las<strong>\u00a0condiciones clim\u00e1ticas se presentan adversas<\/strong>, las tareas<strong> ser\u00e1n suspendidas y reprogramadas.<\/strong><\/p>\n<div id=\"content\" class=\"clearfix\">\n<article id=\"post-41931\" class=\"post-41931 post type-post status-publish format-standard has-post-thumbnail hentry category-informacion-general category-portada\">\n<div class=\"article-content clearfix\">\n<div class=\"entry-content clearfix\">\n<div class=\"at-below-post addthis_tool\" data-url=\"https:\/\/cdnoticias.com\/index.php\/2021\/12\/20\/este-martes-habra-un-corte-de-luz-en-un-sector-de-la-ciudad\/\"><\/div>\n<\/div>\n<\/div>\n<\/article>\n<\/div>\n","protected":false},"excerpt":{"rendered":"<p>Ser\u00e1 durante la ma\u00f1ana por tareas de mantenimiento.<\/p>\n","protected":false},"author":6,"featured_media":6841,"comment_status":"closed","ping_status":"closed","sticky":false,"template":"","format":"standard","meta":{"_jetpack_memberships_contains_paid_content":false,"footnotes":""},"categories":[5,1],"tags":[],"class_list":["post-43827","post","type-post","status-publish","format-standard","has-post-thumbnail","hentry","category-informacion-general","category-portada"],"jetpack_featured_media_url":"https:\/\/i0.wp.com\/cdnoticias.com\/wp-content\/uploads\/2020\/11\/01-Tareas-Alimentador-N%C2%B0-1.jpg?fit=1365%2C768&ssl=1","jetpack_sharing_enabled":true,"_links":{"self":[{"href":"https:\/\/cdnoticias.com\/index.php\/wp-json\/wp\/v2\/posts\/43827","targetHints":{"allow":["GET"]}}],"collection":[{"href":"https:\/\/cdnoticias.com\/index.php\/wp-json\/wp\/v2\/posts"}],"about":[{"href":"https:\/\/cdnoticias.com\/index.php\/wp-json\/wp\/v2\/types\/post"}],"author":[{"embeddable":true,"href":"https:\/\/cdnoticias.com\/index.php\/wp-json\/wp\/v2\/users\/6"}],"replies":[{"embeddable":true,"href":"https:\/\/cdnoticias.com\/index.php\/wp-json\/wp\/v2\/comments?post=43827"}],"version-history":[{"count":0,"href":"https:\/\/cdnoticias.com\/index.php\/wp-json\/wp\/v2\/posts\/43827\/revisions"}],"wp:featuredmedia":[{"embeddable":true,"href":"https:\/\/cdnoticias.com\/index.php\/wp-json\/wp\/v2\/media\/6841"}],"wp:attachment":[{"href":"https:\/\/cdnoticias.com\/index.php\/wp-json\/wp\/v2\/media?parent=43827"}],"wp:term":[{"taxonomy":"category","embeddable":true,"href":"https:\/\/cdnoticias.com\/index.php\/wp-json\/wp\/v2\/categories?post=43827"},{"taxonomy":"post_tag","embeddable":true,"href":"https:\/\/cdnoticias.com\/index.php\/wp-json\/wp\/v2\/tags?post=43827"}],"curies":[{"name":"wp","href":"https:\/\/api.w.org\/{rel}","templated":true}]}}