{"id":43815,"date":"2022-01-12T13:12:52","date_gmt":"2022-01-12T16:12:52","guid":{"rendered":"https:\/\/www.centraldenoticias.com.ar\/?p=43815"},"modified":"2022-01-12T16:29:36","modified_gmt":"2022-01-12T19:29:36","slug":"olavarria-perdera-38-en-el-coeficiente-de-copartipacion-provincial","status":"publish","type":"post","link":"https:\/\/cdnoticias.com\/index.php\/2022\/01\/12\/olavarria-perdera-38-en-el-coeficiente-de-copartipacion-provincial\/","title":{"rendered":"Olavarr\u00eda perder\u00e1 3,8% en el coeficiente de copartipaci\u00f3n provincial"},"content":{"rendered":"<p>Lo confirm\u00f3 el intendente Ezequiel Galli. De todas maneras, en el Presupuesto 2022 de la provincia se incluy\u00f3 un fondo de compensaciones para los municipios con bajas significativas.\u00a0Los fondos coparticipados de 2021 llegaron a 2.600 millones.<\/p>\n<p><!--more--><\/p>\n<hr \/>\n<p>Si bien <strong>a\u00fan el Ministerio de Econom\u00eda provincial no hizo p\u00fablicos los Coeficientes \u00danicos de Distribuci\u00f3n (CUD)<\/strong>, variable que se utiliza para la distribuci\u00f3n de los fondos coparticipables entre los 135 municipios, ya hay algunas previsiones entre los intendentes.<\/p>\n<p>&nbsp;<\/p>\n<blockquote><p>En el caso de Olavarr\u00eda se espera una ca\u00edda bastante importante: el intendente Ezequiel Galli confirm\u00f3 a Central de Noticias que se proyecta una baja del 3,8% en el CUD respecto del que se utiliz\u00f3 el a\u00f1o pasado.<\/p><\/blockquote>\n<p>&nbsp;<\/p>\n<p>Cabe recordar que el CUD <strong>se calcula en funci\u00f3n de distintas variables que hacen a la composici\u00f3n y actividad de los municipios<\/strong>. Una de las variables m\u00e1s importantes se relaciona con el sistema de salud y la ocupaci\u00f3n hospitalaria, la cual \u2013como es previsible- con el contexto de pandemia muestra cambios e impactos muy diferentes de lo que sucede habitualmente. De hecho, en 2021 la Gobernaci\u00f3n decidi\u00f3 no modificar los CUD y repetir los dispuestos para 2020. De esa forma, <strong>en ambos a\u00f1os el CUD de Olavarr\u00eda fue de 1,03291<\/strong>.<\/p>\n<p>&nbsp;<\/p>\n<p><img data-recalc-dims=\"1\" loading=\"lazy\" decoding=\"async\" class=\"alignnone size-full wp-image-39509\" src=\"https:\/\/i0.wp.com\/cdnoticias.com\/wp-content\/uploads\/2021\/11\/municipalidad-palacio-san-martin-1.jpg?resize=800%2C445&#038;ssl=1\" alt=\"\" width=\"800\" height=\"445\" srcset=\"https:\/\/i0.wp.com\/cdnoticias.com\/wp-content\/uploads\/2021\/11\/municipalidad-palacio-san-martin-1.jpg?w=800&amp;ssl=1 800w, https:\/\/i0.wp.com\/cdnoticias.com\/wp-content\/uploads\/2021\/11\/municipalidad-palacio-san-martin-1.jpg?resize=300%2C167&amp;ssl=1 300w, https:\/\/i0.wp.com\/cdnoticias.com\/wp-content\/uploads\/2021\/11\/municipalidad-palacio-san-martin-1.jpg?resize=768%2C427&amp;ssl=1 768w\" sizes=\"auto, (max-width: 800px) 100vw, 800px\" \/><\/p>\n<p>&nbsp;<\/p>\n<blockquote><p>Este a\u00f1o, nuevamente el Ministerio de Econom\u00eda recalcul\u00f3 los valores. Para nuestro municipio se espera que el CUD se ubique por debajo de 1 punto.<\/p><\/blockquote>\n<p>&nbsp;<\/p>\n<p>Cabe aclarar que <strong>la ca\u00edda del CUD no va a repercutir en la baja de ingresos en t\u00e9rminos nominales<\/strong>, ya que con el crecimiento econ\u00f3mico en marcha y la inflaci\u00f3n, las partidas que se env\u00edan siempre son mayores a las del a\u00f1o anterior.<\/p>\n<p>&nbsp;<\/p>\n<p>En tanto, en vista de que muchos municipios iban a tener modificaciones importantes a la baja en el CUD,<strong> en el Presupuesto 2022 de la provincia de Buenos Aires se incluy\u00f3 un fondo compensador<\/strong> para aquellos distritos cuyo descenso fuera superior al 2%.<\/p>\n<p>&nbsp;<\/p>\n<blockquote><p>Ezequiel Galli confirm\u00f3 tambi\u00e9n que Olavarr\u00eda quedar\u00e1 incluida en ese fondo, que se erogar\u00e1 mediante Aportes del Tesoro (ATP).<\/p><\/blockquote>\n<p>&nbsp;<\/p>\n<p><img data-recalc-dims=\"1\" loading=\"lazy\" decoding=\"async\" class=\"alignnone size-large wp-image-38819\" src=\"https:\/\/i0.wp.com\/cdnoticias.com\/wp-content\/uploads\/2021\/11\/galli3.jpg?resize=800%2C445&#038;ssl=1\" alt=\"\" width=\"800\" height=\"445\" srcset=\"https:\/\/i0.wp.com\/cdnoticias.com\/wp-content\/uploads\/2021\/11\/galli3.jpg?resize=1024%2C570&amp;ssl=1 1024w, https:\/\/i0.wp.com\/cdnoticias.com\/wp-content\/uploads\/2021\/11\/galli3.jpg?resize=300%2C167&amp;ssl=1 300w, https:\/\/i0.wp.com\/cdnoticias.com\/wp-content\/uploads\/2021\/11\/galli3.jpg?resize=768%2C427&amp;ssl=1 768w, https:\/\/i0.wp.com\/cdnoticias.com\/wp-content\/uploads\/2021\/11\/galli3.jpg?resize=800%2C445&amp;ssl=1 800w, https:\/\/i0.wp.com\/cdnoticias.com\/wp-content\/uploads\/2021\/11\/galli3.jpg?w=1280&amp;ssl=1 1280w\" sizes=\"auto, (max-width: 800px) 100vw, 800px\" \/><\/p>\n<p>&nbsp;<\/p>\n<p><strong>Coparticipaci\u00f3n 2021<\/strong><\/p>\n<p>&nbsp;<\/p>\n<p>La Provincia de Buenos Aires <strong>coparticipa numerosos fondos a los municipios<\/strong>. Adem\u00e1s de la coparticipaci\u00f3n propiamente dicha (denominada \u201cCoparticipaci\u00f3n Bruta\u201d), mediante el CUD se distribuyen tambi\u00e9n el Fondo de Financiamiento Educativo, el Fondo de Inclusi\u00f3n Social, el Fondo Fortalecimiento Recursos Municipales, Juegos de Azar y Descentralizaci\u00f3n.<\/p>\n<p>&nbsp;<\/p>\n<p>Con los datos oficiales disponibles en el Ministerio de Econom\u00eda bonaerense, se puede estimar que<strong> Olavarr\u00eda percibi\u00f3 a lo largo de 2021 unos 2.620 millones de pesos<\/strong> por todos estos conceptos a un promedio de 218 millones por mes.<\/p>\n<p>&nbsp;<\/p>\n<p><strong>Hasta noviembre pasado, \u00faltimo dato oficial disponible, por Coparticipaci\u00f3n Bruta, Olavarr\u00eda hab\u00eda recibido 1.913.401.037 pesos<\/strong>. Representa 79% de todos los fondos coparticipados por la Provincia de Buenos Aires.<\/p>\n","protected":false},"excerpt":{"rendered":"<p>Lo confirm\u00f3 el intendente Ezequiel Galli. De todas maneras, en el Presupuesto 2022 de la provincia se incluy\u00f3 un fondo<\/p>\n","protected":false},"author":4,"featured_media":40434,"comment_status":"closed","ping_status":"closed","sticky":false,"template":"","format":"standard","meta":{"_jetpack_memberships_contains_paid_content":false,"footnotes":""},"categories":[4,1],"tags":[],"class_list":["post-43815","post","type-post","status-publish","format-standard","has-post-thumbnail","hentry","category-politica","category-portada"],"jetpack_featured_media_url":"https:\/\/i0.wp.com\/cdnoticias.com\/wp-content\/uploads\/2021\/12\/inauguracion01.jpg?fit=1152%2C641&ssl=1","jetpack_sharing_enabled":true,"_links":{"self":[{"href":"https:\/\/cdnoticias.com\/index.php\/wp-json\/wp\/v2\/posts\/43815","targetHints":{"allow":["GET"]}}],"collection":[{"href":"https:\/\/cdnoticias.com\/index.php\/wp-json\/wp\/v2\/posts"}],"about":[{"href":"https:\/\/cdnoticias.com\/index.php\/wp-json\/wp\/v2\/types\/post"}],"author":[{"embeddable":true,"href":"https:\/\/cdnoticias.com\/index.php\/wp-json\/wp\/v2\/users\/4"}],"replies":[{"embeddable":true,"href":"https:\/\/cdnoticias.com\/index.php\/wp-json\/wp\/v2\/comments?post=43815"}],"version-history":[{"count":0,"href":"https:\/\/cdnoticias.com\/index.php\/wp-json\/wp\/v2\/posts\/43815\/revisions"}],"wp:featuredmedia":[{"embeddable":true,"href":"https:\/\/cdnoticias.com\/index.php\/wp-json\/wp\/v2\/media\/40434"}],"wp:attachment":[{"href":"https:\/\/cdnoticias.com\/index.php\/wp-json\/wp\/v2\/media?parent=43815"}],"wp:term":[{"taxonomy":"category","embeddable":true,"href":"https:\/\/cdnoticias.com\/index.php\/wp-json\/wp\/v2\/categories?post=43815"},{"taxonomy":"post_tag","embeddable":true,"href":"https:\/\/cdnoticias.com\/index.php\/wp-json\/wp\/v2\/tags?post=43815"}],"curies":[{"name":"wp","href":"https:\/\/api.w.org\/{rel}","templated":true}]}}