{"id":43801,"date":"2022-01-12T10:44:12","date_gmt":"2022-01-12T13:44:12","guid":{"rendered":"https:\/\/www.centraldenoticias.com.ar\/?p=43801"},"modified":"2022-01-12T10:44:12","modified_gmt":"2022-01-12T13:44:12","slug":"por-las-altas-temperaturas-suspenden-verano-dorado-el-jueves","status":"publish","type":"post","link":"https:\/\/cdnoticias.com\/index.php\/2022\/01\/12\/por-las-altas-temperaturas-suspenden-verano-dorado-el-jueves\/","title":{"rendered":"Por las altas temperaturas, suspenden \u201cVerano Dorado\u201d el jueves"},"content":{"rendered":"<p>Se\u00f1alaron que buscan \u201cevitar golpes de calor en los participantes del programa\u201d. <!--more--><\/p>\n<hr \/>\n<p>Por el anuncio del Servicio Meteorol\u00f3gico Nacional que estima \u201ctemperaturas muy altas\u201d para este jueves, <strong>desde la Subsecretar\u00eda de Deportes y Recreaci\u00f3n del Municipio se decidi\u00f3 suspender la jornada de Verano Dorado de este 13 de enero.<\/strong><\/p>\n<p>&nbsp;<\/p>\n<p>En palabras del titular de la cartera, Juan Agust\u00edn Galli,<em> \u201cvenimos transitando una semana con altas temperaturas y nos parece conveniente suspender la actividad de este jueves para evitar golpes de calor en los participantes del programa\u201d.<\/em><\/p>\n<p>&nbsp;<\/p>\n<blockquote><p>\u201cNuestro principal objetivo es que puedan disfrutar de un espacio agradable y saludable, es por eso que decidimos posponer este encuentro para cuando el clima nos lo permita\u201d.<\/p><\/blockquote>\n<p>&nbsp;<\/p>\n<p>Adem\u00e1s, agreg\u00f3 que <em>\u201csi bien en la Base Bonino el espacio tiene un gran lugar con sombra o la posibilidad de meterse en las piletas, <strong>el momento de espera en las paradas de colectivo a las dos de la tarde y el trayecto en los mismos se vuelve riesgoso debido a la ola de calor que estamos atravesando en nuestra ciudad<\/strong>\u201d.<\/em><\/p>\n","protected":false},"excerpt":{"rendered":"<p>Se\u00f1alaron que buscan \u201cevitar golpes de calor en los participantes del programa\u201d.<\/p>\n","protected":false},"author":2,"featured_media":38397,"comment_status":"closed","ping_status":"closed","sticky":false,"template":"","format":"standard","meta":{"_jetpack_memberships_contains_paid_content":false,"footnotes":""},"categories":[5,1],"tags":[],"class_list":["post-43801","post","type-post","status-publish","format-standard","has-post-thumbnail","hentry","category-informacion-general","category-portada"],"jetpack_featured_media_url":"https:\/\/i0.wp.com\/cdnoticias.com\/wp-content\/uploads\/2021\/11\/Cierre-Verano-Dorado-5-1024x683.jpg?fit=1024%2C683&ssl=1","jetpack_sharing_enabled":true,"_links":{"self":[{"href":"https:\/\/cdnoticias.com\/index.php\/wp-json\/wp\/v2\/posts\/43801","targetHints":{"allow":["GET"]}}],"collection":[{"href":"https:\/\/cdnoticias.com\/index.php\/wp-json\/wp\/v2\/posts"}],"about":[{"href":"https:\/\/cdnoticias.com\/index.php\/wp-json\/wp\/v2\/types\/post"}],"author":[{"embeddable":true,"href":"https:\/\/cdnoticias.com\/index.php\/wp-json\/wp\/v2\/users\/2"}],"replies":[{"embeddable":true,"href":"https:\/\/cdnoticias.com\/index.php\/wp-json\/wp\/v2\/comments?post=43801"}],"version-history":[{"count":0,"href":"https:\/\/cdnoticias.com\/index.php\/wp-json\/wp\/v2\/posts\/43801\/revisions"}],"wp:featuredmedia":[{"embeddable":true,"href":"https:\/\/cdnoticias.com\/index.php\/wp-json\/wp\/v2\/media\/38397"}],"wp:attachment":[{"href":"https:\/\/cdnoticias.com\/index.php\/wp-json\/wp\/v2\/media?parent=43801"}],"wp:term":[{"taxonomy":"category","embeddable":true,"href":"https:\/\/cdnoticias.com\/index.php\/wp-json\/wp\/v2\/categories?post=43801"},{"taxonomy":"post_tag","embeddable":true,"href":"https:\/\/cdnoticias.com\/index.php\/wp-json\/wp\/v2\/tags?post=43801"}],"curies":[{"name":"wp","href":"https:\/\/api.w.org\/{rel}","templated":true}]}}