{"id":43786,"date":"2022-01-12T09:07:20","date_gmt":"2022-01-12T12:07:20","guid":{"rendered":"https:\/\/www.centraldenoticias.com.ar\/?p=43786"},"modified":"2022-01-12T12:51:03","modified_gmt":"2022-01-12T15:51:03","slug":"una-docena-de-salidas-de-bomberos-para-combatir-incendios-de-pastizales","status":"publish","type":"post","link":"https:\/\/cdnoticias.com\/index.php\/2022\/01\/12\/una-docena-de-salidas-de-bomberos-para-combatir-incendios-de-pastizales\/","title":{"rendered":"Una docena de salidas de Bomberos para combatir incendios de pastizales"},"content":{"rendered":"<p>Fue en la jornada del martes. Desde el Cuartel Central y los Destacamentos de Hinojo, Sierras Bayas y Loma Negra salieron unidades entre poco antes de las 11 y hasta las 23.30.<\/p>\n<p><!--more--><\/p>\n<hr \/>\n<p><strong>Alta demanda de intervenci\u00f3n tuvieron este martes los Bomberos de Olavarr\u00eda<\/strong>:<em><a href=\"https:\/\/cdnoticias.com\/index.php\/2022\/01\/11\/ola-de-calor-este-martes-la-maxima-en-olavarria-trepo-hasta-casi-los-40-grados\/\"> las altas temperaturas combinadas<\/a> con la sequ\u00eda y el viento derivaron en numerosos incendios de pastos naturales y de sectores rurales<\/em>.<\/p>\n<p>&nbsp;<\/p>\n<p><strong>Central de Noticias<\/strong> repas\u00f3 la informaci\u00f3n provista desde el Cuartel Central de Bomberos, donde se expuso que<strong> las labores se extendieron entre las 10.45 y las 23.30<\/strong> con las salidas de dotaciones desde dicha sede de avenida Col\u00f3n, y tambi\u00e9n desde los Destacamentos de Loma Negra, Sierras Bayas e Hinojo.<\/p>\n<p>&nbsp;<\/p>\n<p>Se registraron <strong>una docena de incendios<\/strong>, varios de ellos en forma simult\u00e1nea.<\/p>\n<p>&nbsp;<\/p>\n<p><img data-recalc-dims=\"1\" loading=\"lazy\" decoding=\"async\" class=\"alignnone size-full wp-image-43790\" src=\"https:\/\/i0.wp.com\/cdnoticias.com\/wp-content\/uploads\/2022\/01\/bomberos-incendio-de-pastos-01.jpg?resize=800%2C445&#038;ssl=1\" alt=\"\" width=\"800\" height=\"445\" srcset=\"https:\/\/i0.wp.com\/cdnoticias.com\/wp-content\/uploads\/2022\/01\/bomberos-incendio-de-pastos-01.jpg?w=800&amp;ssl=1 800w, https:\/\/i0.wp.com\/cdnoticias.com\/wp-content\/uploads\/2022\/01\/bomberos-incendio-de-pastos-01.jpg?resize=300%2C167&amp;ssl=1 300w, https:\/\/i0.wp.com\/cdnoticias.com\/wp-content\/uploads\/2022\/01\/bomberos-incendio-de-pastos-01.jpg?resize=768%2C427&amp;ssl=1 768w\" sizes=\"auto, (max-width: 800px) 100vw, 800px\" \/><\/p>\n<p>&nbsp;<\/p>\n<p>Las labores comenzaron en Loma Negra: la unidad fue convocada por un foco de incendio de pastos natural<strong> en el paraje de Kochi Tue<\/strong>. Trabaj\u00f3 entre las 10.45 y las 11.10.<\/p>\n<p>&nbsp;<\/p>\n<p>M\u00e1s tarde, <strong>en Sierras Bayas<\/strong> la labor fue m\u00e1s intensa, con trabajos entre las 13.25 y las 15.10.<\/p>\n<p>&nbsp;<\/p>\n<p>Para ese momento ya se registraban otras dos salidas en Olavarr\u00eda: de 14.05 a 14.50 se combati\u00f3 un incendio <strong>en Ituzaing\u00f3 y Grimaldi<\/strong> y desde las 14.40 tambi\u00e9n <strong>en La Rioja y San Mart\u00edn<\/strong>.<\/p>\n<p>&nbsp;<\/p>\n<p><img data-recalc-dims=\"1\" loading=\"lazy\" decoding=\"async\" class=\"alignnone size-full wp-image-43789\" src=\"https:\/\/i0.wp.com\/cdnoticias.com\/wp-content\/uploads\/2022\/01\/bomberos-incendio-de-pastos-00.jpg?resize=800%2C445&#038;ssl=1\" alt=\"\" width=\"800\" height=\"445\" srcset=\"https:\/\/i0.wp.com\/cdnoticias.com\/wp-content\/uploads\/2022\/01\/bomberos-incendio-de-pastos-00.jpg?w=800&amp;ssl=1 800w, https:\/\/i0.wp.com\/cdnoticias.com\/wp-content\/uploads\/2022\/01\/bomberos-incendio-de-pastos-00.jpg?resize=300%2C167&amp;ssl=1 300w, https:\/\/i0.wp.com\/cdnoticias.com\/wp-content\/uploads\/2022\/01\/bomberos-incendio-de-pastos-00.jpg?resize=768%2C427&amp;ssl=1 768w\" sizes=\"auto, (max-width: 800px) 100vw, 800px\" \/><\/p>\n<p>&nbsp;<\/p>\n<p>A pocas cuadras de all\u00ed fue nuevamente convocada otra unidad de Bomberos: de 17.55 a 18.15 trabajaron <strong>en Yrigoyen y La Rioja<\/strong>, mientras que desde las 18.15 y hasta las 19.35 las llamas se declararon en <strong>Colon y calle 11<\/strong>.<\/p>\n<p>&nbsp;<\/p>\n<p>Cuando a\u00fan se trabajaba en ese sector, los voluntarios fueron convocados a la zona rural: <strong>en el establecimiento rural La Monta\u00f1esa<\/strong>, ubicado sobre el camino de Los Chilenos hacia Recalde, a unos 40 kil\u00f3metros de la planta urbana. All\u00ed los trabajos se extendieron de 19 a 21.50.<\/p>\n<p>&nbsp;<\/p>\n<p>En paralelo, tom\u00f3 fuego un monte en<strong> Trabajadores y ruta 60<\/strong> que tambi\u00e9n demand\u00f3 arduas labores de 19.35 a 22.40 para los bomberos.<\/p>\n<p>&nbsp;<\/p>\n<p>Entre las 20.25 y las 22 una unidad se desempe\u00f1\u00f3 en <strong>calle 118 y el arroyo<\/strong>, en el sector de barrio Isaura.<\/p>\n<p>&nbsp;<\/p>\n<p><img data-recalc-dims=\"1\" loading=\"lazy\" decoding=\"async\" class=\"alignnone size-full wp-image-43788\" src=\"https:\/\/i0.wp.com\/cdnoticias.com\/wp-content\/uploads\/2022\/01\/bomberos-incendio-00.jpg?resize=800%2C445&#038;ssl=1\" alt=\"\" width=\"800\" height=\"445\" srcset=\"https:\/\/i0.wp.com\/cdnoticias.com\/wp-content\/uploads\/2022\/01\/bomberos-incendio-00.jpg?w=800&amp;ssl=1 800w, https:\/\/i0.wp.com\/cdnoticias.com\/wp-content\/uploads\/2022\/01\/bomberos-incendio-00.jpg?resize=300%2C167&amp;ssl=1 300w, https:\/\/i0.wp.com\/cdnoticias.com\/wp-content\/uploads\/2022\/01\/bomberos-incendio-00.jpg?resize=768%2C427&amp;ssl=1 768w\" sizes=\"auto, (max-width: 800px) 100vw, 800px\" \/><\/p>\n<p>&nbsp;<\/p>\n<p>Asimismo, <strong>en Hinojo<\/strong> tambi\u00e9n se demand\u00f3 la intervenci\u00f3n de Bomberos para apagar un incendio de pastos sobre el camino Uni\u00f3n de los Pueblos. Los trabajos comenzaron 20.45 y se extendieron hasta 21.10<\/p>\n<p>&nbsp;<\/p>\n<p>En Olavarr\u00eda, adem\u00e1s, continuaron los llamados. Entre 20.50 y 22.05 los voluntarios apagaron el incendio declarado <strong>en Circunvalaci\u00f3n y Avellaneda<\/strong>.<\/p>\n<p>&nbsp;<\/p>\n<p>El registro del Cuartel Central expuso que la \u00faltima dotaci\u00f3n en volver fue la que trabajaba en Trabajadores y ruta 60: <strong>a las 23.30 finalizaron las labores del martes para los Bomberos<\/strong>.<\/p>\n","protected":false},"excerpt":{"rendered":"<p>Fue en la jornada del martes. Desde el Cuartel Central y los Destacamentos de Hinojo, Sierras Bayas y Loma Negra<\/p>\n","protected":false},"author":4,"featured_media":43791,"comment_status":"closed","ping_status":"closed","sticky":false,"template":"","format":"standard","meta":{"_jetpack_memberships_contains_paid_content":false,"footnotes":""},"categories":[14,1],"tags":[],"class_list":["post-43786","post","type-post","status-publish","format-standard","has-post-thumbnail","hentry","category-policiales","category-portada"],"jetpack_featured_media_url":"https:\/\/i0.wp.com\/cdnoticias.com\/wp-content\/uploads\/2022\/01\/bomberos-incendio-de-pastos-02.jpg?fit=800%2C445&ssl=1","jetpack_sharing_enabled":true,"_links":{"self":[{"href":"https:\/\/cdnoticias.com\/index.php\/wp-json\/wp\/v2\/posts\/43786","targetHints":{"allow":["GET"]}}],"collection":[{"href":"https:\/\/cdnoticias.com\/index.php\/wp-json\/wp\/v2\/posts"}],"about":[{"href":"https:\/\/cdnoticias.com\/index.php\/wp-json\/wp\/v2\/types\/post"}],"author":[{"embeddable":true,"href":"https:\/\/cdnoticias.com\/index.php\/wp-json\/wp\/v2\/users\/4"}],"replies":[{"embeddable":true,"href":"https:\/\/cdnoticias.com\/index.php\/wp-json\/wp\/v2\/comments?post=43786"}],"version-history":[{"count":0,"href":"https:\/\/cdnoticias.com\/index.php\/wp-json\/wp\/v2\/posts\/43786\/revisions"}],"wp:featuredmedia":[{"embeddable":true,"href":"https:\/\/cdnoticias.com\/index.php\/wp-json\/wp\/v2\/media\/43791"}],"wp:attachment":[{"href":"https:\/\/cdnoticias.com\/index.php\/wp-json\/wp\/v2\/media?parent=43786"}],"wp:term":[{"taxonomy":"category","embeddable":true,"href":"https:\/\/cdnoticias.com\/index.php\/wp-json\/wp\/v2\/categories?post=43786"},{"taxonomy":"post_tag","embeddable":true,"href":"https:\/\/cdnoticias.com\/index.php\/wp-json\/wp\/v2\/tags?post=43786"}],"curies":[{"name":"wp","href":"https:\/\/api.w.org\/{rel}","templated":true}]}}