{"id":43781,"date":"2022-01-11T20:26:53","date_gmt":"2022-01-11T23:26:53","guid":{"rendered":"https:\/\/www.centraldenoticias.com.ar\/?p=43781"},"modified":"2022-01-11T21:24:52","modified_gmt":"2022-01-12T00:24:52","slug":"ola-de-calor-transba-pidio-cortes-rotativos-ante-la-alta-demanda-de-energia","status":"publish","type":"post","link":"https:\/\/cdnoticias.com\/index.php\/2022\/01\/11\/ola-de-calor-transba-pidio-cortes-rotativos-ante-la-alta-demanda-de-energia\/","title":{"rendered":"Ola de calor: Transba pidi\u00f3 cortes rotativos ante la alta demanda de energ\u00eda"},"content":{"rendered":"<p>En Tandil ya se implementan. En Olavarr\u00eda a\u00fan no se ha recibido una notificaci\u00f3n al respecto.<!--more--><\/p>\n<hr \/>\n<p>La <strong>Transportadora de Energ\u00eda El\u00e9ctrica de la Provincia de Buenos Aires (TRANSBA)<\/strong> solicit\u00f3 cortes rotativos de energ\u00eda de una hora de duraci\u00f3n. El pedido responde al alto consumo provocado por la <a href=\"https:\/\/cdnoticias.com\/index.php\/2022\/01\/11\/ola-de-calor-este-martes-la-maxima-en-olavarria-trepo-hasta-casi-los-40-grados\/\" target=\"_blank\" rel=\"noopener\">ola de calor<\/a> que azota al pa\u00eds.<\/p>\n<p>&nbsp;<\/p>\n<p>En Tandil estos cortes son implementados por la Usina de la vecina ciudad, aunque bajando<strong> la duraci\u00f3n de los mismos a 45 minutos.<\/strong><\/p>\n<p>&nbsp;<\/p>\n<p>La informaci\u00f3n reflejada en el portal La Voz de Tandil, indica que el Gerente T\u00e9cnico de la Usina Popular y Municipal de Tandil, Ing. Guillermo Saab, explic\u00f3 que<strong><em> &#8220;no hay un cronograma definido porque Transba va informando al momento la cantidad de demanda que necesita y eso hace que la Usina tenga que ir definiendo sobre la marcha qu\u00e9 zonas cortar&#8221;.<\/em><\/strong><\/p>\n<p>&nbsp;<\/p>\n<p><strong><em>&#8220;Es probable que estos cortes contin\u00faen en los pr\u00f3ximos d\u00edas, en los horarios de mayor calor&#8221;<\/em><\/strong> se\u00f1al\u00f3 Saab.<\/p>\n<p>&nbsp;<\/p>\n<p>En nuestra ciudad, consultadas fuentes oficiales, se indic\u00f3 que<strong>\u00a0hasta el momento no hubo un pedido formal para la implementaci\u00f3n de dichos cortes.<\/strong><\/p>\n<p>&nbsp;<\/p>\n<p>Sin embargo, las consecuencias del calor tambi\u00e9n se hicieron sentir este martes en Olavarr\u00eda. El suministro el\u00e9ctrico, registr\u00f3 un exceso de demanda seg\u00fan lo expresado desde Coopelectric. De esta forma,<a href=\"https:\/\/cdnoticias.com\/index.php\/2022\/01\/11\/varios-sectores-de-la-ciudad-se-ven-afectados-por-cortes-de-electricidad\/\" target=\"_blank\" rel=\"noopener\"> varios barrios de la ciudad sufrieron complicaciones y registraron cortes de luz.\u00a0<\/a><\/p>\n<p>&nbsp;<\/p>\n<p>&nbsp;<\/p>\n","protected":false},"excerpt":{"rendered":"<p>En Tandil ya se implementan. En Olavarr\u00eda a\u00fan no se ha recibido una notificaci\u00f3n al respecto.<\/p>\n","protected":false},"author":5,"featured_media":3849,"comment_status":"closed","ping_status":"closed","sticky":false,"template":"","format":"standard","meta":{"_jetpack_memberships_contains_paid_content":false,"footnotes":""},"categories":[5,1],"tags":[],"class_list":["post-43781","post","type-post","status-publish","format-standard","has-post-thumbnail","hentry","category-informacion-general","category-portada"],"jetpack_featured_media_url":"https:\/\/i0.wp.com\/cdnoticias.com\/wp-content\/uploads\/2020\/10\/Transba-home-2-1232x430.jpg?fit=1232%2C430&ssl=1","jetpack_sharing_enabled":true,"_links":{"self":[{"href":"https:\/\/cdnoticias.com\/index.php\/wp-json\/wp\/v2\/posts\/43781","targetHints":{"allow":["GET"]}}],"collection":[{"href":"https:\/\/cdnoticias.com\/index.php\/wp-json\/wp\/v2\/posts"}],"about":[{"href":"https:\/\/cdnoticias.com\/index.php\/wp-json\/wp\/v2\/types\/post"}],"author":[{"embeddable":true,"href":"https:\/\/cdnoticias.com\/index.php\/wp-json\/wp\/v2\/users\/5"}],"replies":[{"embeddable":true,"href":"https:\/\/cdnoticias.com\/index.php\/wp-json\/wp\/v2\/comments?post=43781"}],"version-history":[{"count":0,"href":"https:\/\/cdnoticias.com\/index.php\/wp-json\/wp\/v2\/posts\/43781\/revisions"}],"wp:featuredmedia":[{"embeddable":true,"href":"https:\/\/cdnoticias.com\/index.php\/wp-json\/wp\/v2\/media\/3849"}],"wp:attachment":[{"href":"https:\/\/cdnoticias.com\/index.php\/wp-json\/wp\/v2\/media?parent=43781"}],"wp:term":[{"taxonomy":"category","embeddable":true,"href":"https:\/\/cdnoticias.com\/index.php\/wp-json\/wp\/v2\/categories?post=43781"},{"taxonomy":"post_tag","embeddable":true,"href":"https:\/\/cdnoticias.com\/index.php\/wp-json\/wp\/v2\/tags?post=43781"}],"curies":[{"name":"wp","href":"https:\/\/api.w.org\/{rel}","templated":true}]}}