{"id":43762,"date":"2022-01-12T16:53:43","date_gmt":"2022-01-12T19:53:43","guid":{"rendered":"https:\/\/www.centraldenoticias.com.ar\/?p=43762"},"modified":"2022-01-12T16:53:43","modified_gmt":"2022-01-12T19:53:43","slug":"mar-para-todas-lanzan-un-programa-turistico-para-personas-en-situacion-de-violencia-de-genero","status":"publish","type":"post","link":"https:\/\/cdnoticias.com\/index.php\/2022\/01\/12\/mar-para-todas-lanzan-un-programa-turistico-para-personas-en-situacion-de-violencia-de-genero\/","title":{"rendered":"\u201cMar para todas\u201d, lanzan un programa tur\u00edstico para personas en situaci\u00f3n de violencia de g\u00e9nero"},"content":{"rendered":"<div class=\"td_block_wrap tdb_single_subtitle tdi_72 td-pb-border-top td_block_template_1\" data-td-block-uid=\"tdi_72\">\n<div class=\"tdb-block-inner td-fix-index\">\n<p>Unas 50 mujeres y LGBTI+ que sufrieron violencia de g\u00e9nero podr\u00e1n disfrutar con sus hijas e hijos de una semana de las playas de Chapadmalal.<\/p>\n<\/div>\n<\/div>\n<p><!--more--><\/p>\n<hr \/>\n<div class=\"td_block_wrap tdb_single_date tdi_73 td-pb-border-top td_block_template_1 tdb-post-meta\" data-td-block-uid=\"tdi_73\"><\/div>\n<div data-td-block-uid=\"tdi_73\">\n<p>El<strong> Gobierno bonaerense<\/strong> lanz\u00f3 este martes un <strong>programa tur\u00edstico destinado a personas que est\u00e1n saliendo de situaciones de violencia de g\u00e9nero<\/strong> para que puedan disfrutar junto a sus<strong> hijos e hijas<\/strong> de <strong>una semana de vacaciones en la costa.<\/strong><\/p>\n<p>&nbsp;<\/p>\n<p>Se trata de <strong>\u201cMar para Todas\u201d<\/strong>, a partir del cual unas<strong> 50 mujeres y LGBTI+<\/strong> que sufrieron <strong>violencia de g\u00e9nero<\/strong> podr\u00e1n vacacionar una semana de las <strong>playas de Chapadmalal<\/strong> en una primera etapa, que luego se ampliar\u00e1 hasta<strong> alcanzar a unas 600 personas.<\/strong><\/p>\n<p>&nbsp;<\/p>\n<p>Se trata del inicio del programa que busca <strong>garantizar el derecho al disfrute<\/strong>, al entender que <strong>el proceso de salida de la violencia debe ser integral y comprender que el tiempo libre y de descanso es un derecho humano fundamental<\/strong> para <strong>construir proyectos de vida aut\u00f3nomos y libres de violencias<\/strong>, se explic\u00f3 en los fundamentos del proyecto.<\/p>\n<p>&nbsp;<\/p>\n<p>\u201cEstamos muy contentas por el comienzo de esta iniciativa que tiene que ver con el <strong>abordaje integral de la violencia por motivos de g\u00e9nero<\/strong>\u201d, explic\u00f3 a la agencia estatal T\u00e9lam, <strong>Estela D\u00edaz<\/strong>, <strong>ministra de las Mujeres, Pol\u00edticas de G\u00e9nero y Diversidad Sexual<\/strong> de la <strong>provincia de Buenos Aires.<\/strong><\/p>\n<p>&nbsp;<\/p>\n<p>La <strong>primera etapa<\/strong> que inicia hoy ser\u00e1 en la <strong>Unidad Tur\u00edstica de Chapadmalal.<\/strong> Seg\u00fan adelant\u00f3 la ministra, la primera etapa de <strong>Mar para Todas<\/strong> <strong>incluye a 600 personas<\/strong> que <strong>fueron seleccionadas de municipios que cuentan con \u00e1reas de g\u00e9nero y diversidad<\/strong> en las que se desarrollan abordajes integrales de las violencias por razones de g\u00e9nero, y <strong>la experiencia tendr\u00e1 otra etapa en la se va a extender a la monta\u00f1a, a las sierras de C\u00f3rdoba<\/strong>, en el complejo Embalse, con el apoyo del gobierno nacional.<\/p>\n<\/div>\n<p>&nbsp;<\/p>\n<p><em>Fuente: DIB<\/em><\/p>\n","protected":false},"excerpt":{"rendered":"<p>Unas 50 mujeres y LGBTI+ que sufrieron violencia de g\u00e9nero podr\u00e1n disfrutar con sus hijas e hijos de una semana<\/p>\n","protected":false},"author":6,"featured_media":43763,"comment_status":"closed","ping_status":"closed","sticky":false,"template":"","format":"standard","meta":{"_jetpack_memberships_contains_paid_content":false,"footnotes":""},"categories":[3,1],"tags":[],"class_list":["post-43762","post","type-post","status-publish","format-standard","has-post-thumbnail","hentry","category-genero","category-portada"],"jetpack_featured_media_url":"https:\/\/i0.wp.com\/cdnoticias.com\/wp-content\/uploads\/2022\/01\/Estela-Diaz-2.jpg?fit=960%2C640&ssl=1","jetpack_sharing_enabled":true,"_links":{"self":[{"href":"https:\/\/cdnoticias.com\/index.php\/wp-json\/wp\/v2\/posts\/43762","targetHints":{"allow":["GET"]}}],"collection":[{"href":"https:\/\/cdnoticias.com\/index.php\/wp-json\/wp\/v2\/posts"}],"about":[{"href":"https:\/\/cdnoticias.com\/index.php\/wp-json\/wp\/v2\/types\/post"}],"author":[{"embeddable":true,"href":"https:\/\/cdnoticias.com\/index.php\/wp-json\/wp\/v2\/users\/6"}],"replies":[{"embeddable":true,"href":"https:\/\/cdnoticias.com\/index.php\/wp-json\/wp\/v2\/comments?post=43762"}],"version-history":[{"count":0,"href":"https:\/\/cdnoticias.com\/index.php\/wp-json\/wp\/v2\/posts\/43762\/revisions"}],"wp:featuredmedia":[{"embeddable":true,"href":"https:\/\/cdnoticias.com\/index.php\/wp-json\/wp\/v2\/media\/43763"}],"wp:attachment":[{"href":"https:\/\/cdnoticias.com\/index.php\/wp-json\/wp\/v2\/media?parent=43762"}],"wp:term":[{"taxonomy":"category","embeddable":true,"href":"https:\/\/cdnoticias.com\/index.php\/wp-json\/wp\/v2\/categories?post=43762"},{"taxonomy":"post_tag","embeddable":true,"href":"https:\/\/cdnoticias.com\/index.php\/wp-json\/wp\/v2\/tags?post=43762"}],"curies":[{"name":"wp","href":"https:\/\/api.w.org\/{rel}","templated":true}]}}