{"id":43745,"date":"2022-01-11T13:56:28","date_gmt":"2022-01-11T16:56:28","guid":{"rendered":"https:\/\/www.centraldenoticias.com.ar\/?p=43745"},"modified":"2022-01-11T13:56:28","modified_gmt":"2022-01-11T16:56:28","slug":"por-el-calor-y-el-exceso-de-consumo-mariano-moreno-se-encuentra-sin-luz","status":"publish","type":"post","link":"https:\/\/cdnoticias.com\/index.php\/2022\/01\/11\/por-el-calor-y-el-exceso-de-consumo-mariano-moreno-se-encuentra-sin-luz\/","title":{"rendered":"Por el calor \u201cy el exceso de consumo\u201d Mariano Moreno se encuentra sin luz"},"content":{"rendered":"<p>As\u00ed fue informado por Coopelectric en el mediod\u00eda de este martes. <!--more--><\/p>\n<hr \/>\n<p>Pasado el mediod\u00eda de este martes,<strong> la salida de la subestaci\u00f3n que alimenta de energ\u00eda el\u00e9ctrica al barrio Mariano Moreno sali\u00f3 de servicio y gener\u00f3 complicaciones en la energ\u00eda de dicho barrio.<\/strong><\/p>\n<p>&nbsp;<\/p>\n<blockquote><p>Seg\u00fan explic\u00f3 Coopelectric, esto se dio<strong><em> \u201ca causa de las altas temperaturas y el exceso de consumo registrado en las \u00faltimas horas\u201d.<\/em><\/strong><\/p><\/blockquote>\n<p>El personal operativo de Coopelectric \u201cse encuentra trabajando en el sector para poder normalizar el suministro el\u00e9ctrico\u201d lo antes posible.<\/p>\n<p>&nbsp;<\/p>\n<p>Cabe recordar que apenas hace algunas horas<strong><a href=\"https:\/\/cdnoticias.com\/index.php\/2022\/01\/11\/ola-de-calor-insisten-con-el-uso-racional-del-agua-y-la-energia\/\" target=\"_blank\" rel=\"noopener\"> la propia entidad cooperativa realiz\u00f3 una serie de sugerencias por la ola de calor<\/a>: pidieron consumo responsable tanto de energ\u00eda el\u00e9ctrica como de agua<\/strong> y se\u00f1alaron que en caso de no respetarse, podr\u00eda haber inconvenientes en las pr\u00f3ximas horas y d\u00edas.<\/p>\n","protected":false},"excerpt":{"rendered":"<p>As\u00ed fue informado por Coopelectric en el mediod\u00eda de este martes.<\/p>\n","protected":false},"author":2,"featured_media":41403,"comment_status":"closed","ping_status":"closed","sticky":false,"template":"","format":"standard","meta":{"_jetpack_memberships_contains_paid_content":false,"footnotes":""},"categories":[5,1],"tags":[],"class_list":["post-43745","post","type-post","status-publish","format-standard","has-post-thumbnail","hentry","category-informacion-general","category-portada"],"jetpack_featured_media_url":"https:\/\/i0.wp.com\/cdnoticias.com\/wp-content\/uploads\/2021\/12\/coopelectric-camion.jpg?fit=1600%2C890&ssl=1","jetpack_sharing_enabled":true,"_links":{"self":[{"href":"https:\/\/cdnoticias.com\/index.php\/wp-json\/wp\/v2\/posts\/43745","targetHints":{"allow":["GET"]}}],"collection":[{"href":"https:\/\/cdnoticias.com\/index.php\/wp-json\/wp\/v2\/posts"}],"about":[{"href":"https:\/\/cdnoticias.com\/index.php\/wp-json\/wp\/v2\/types\/post"}],"author":[{"embeddable":true,"href":"https:\/\/cdnoticias.com\/index.php\/wp-json\/wp\/v2\/users\/2"}],"replies":[{"embeddable":true,"href":"https:\/\/cdnoticias.com\/index.php\/wp-json\/wp\/v2\/comments?post=43745"}],"version-history":[{"count":0,"href":"https:\/\/cdnoticias.com\/index.php\/wp-json\/wp\/v2\/posts\/43745\/revisions"}],"wp:featuredmedia":[{"embeddable":true,"href":"https:\/\/cdnoticias.com\/index.php\/wp-json\/wp\/v2\/media\/41403"}],"wp:attachment":[{"href":"https:\/\/cdnoticias.com\/index.php\/wp-json\/wp\/v2\/media?parent=43745"}],"wp:term":[{"taxonomy":"category","embeddable":true,"href":"https:\/\/cdnoticias.com\/index.php\/wp-json\/wp\/v2\/categories?post=43745"},{"taxonomy":"post_tag","embeddable":true,"href":"https:\/\/cdnoticias.com\/index.php\/wp-json\/wp\/v2\/tags?post=43745"}],"curies":[{"name":"wp","href":"https:\/\/api.w.org\/{rel}","templated":true}]}}