{"id":43740,"date":"2022-01-11T13:42:50","date_gmt":"2022-01-11T16:42:50","guid":{"rendered":"https:\/\/www.centraldenoticias.com.ar\/?p=43740"},"modified":"2022-01-11T17:02:18","modified_gmt":"2022-01-11T20:02:18","slug":"covid-los-contactos-estrechos-asintomaticos-no-deberan-realizar-aislamiento","status":"publish","type":"post","link":"https:\/\/cdnoticias.com\/index.php\/2022\/01\/11\/covid-los-contactos-estrechos-asintomaticos-no-deberan-realizar-aislamiento\/","title":{"rendered":"COVID: Los contactos estrechos asintom\u00e1ticos no deber\u00e1n realizar aislamiento"},"content":{"rendered":"<p>As\u00ed lo indic\u00f3 el Consejo Federal de Salud (Cofesa). Ser\u00e1 para aquellos que presenten esquema completo de vacunaci\u00f3n. De todos modos, definir\u00e1n las provincias. <!--more--><\/p>\n<hr \/>\n<p>En lo que fue catalogado como \u201cuna recomendaci\u00f3n a las Provincias\u201d desde el <strong>Consejo Federal de Salud definieron que aquellos que sean contactos estrechos y no presenten s\u00edntomas no deber\u00e1n realizar el aislamiento por COVID.<\/strong><\/p>\n<p>&nbsp;<\/p>\n<blockquote><p>En este sentido, deber\u00e1n tener el esquema completo de vacunaci\u00f3n y no presentar s\u00edntomas.<\/p><\/blockquote>\n<p>&nbsp;<\/p>\n<p>D\u00edas atr\u00e1s<strong>, el mismo gobierno hab\u00eda acotado el n\u00famero de d\u00edas de aislamiento obligatorio para aquellos que fueron contacto estrecho de un caso positivo (pas\u00f3 de 10 a 5), ahora se determin\u00f3 que quienes cuenten con el esquema completo de vacunaci\u00f3n y hayan recibido el refuerzo cuatro meses atr\u00e1s o menos, no estar\u00e1n obligados a quedarse en sus casas.<\/strong><\/p>\n<p>&nbsp;<\/p>\n<p>Se indic\u00f3, en primera instancia, que <strong>los gobiernos provinciales ser\u00e1n quienes tengan la decisi\u00f3n final en torno a c\u00f3mo continuar con los aislamientos.<\/strong> El Gobierno dej\u00f3 en claro que por ahora fue una \u201crecomendaci\u00f3n\u201d a los estados provinciales.<\/p>\n","protected":false},"excerpt":{"rendered":"<p>As\u00ed lo indic\u00f3 el Consejo Federal de Salud (Cofesa). Ser\u00e1 para aquellos que presenten esquema completo de vacunaci\u00f3n. De todos<\/p>\n","protected":false},"author":2,"featured_media":42980,"comment_status":"closed","ping_status":"closed","sticky":false,"template":"","format":"standard","meta":{"_jetpack_memberships_contains_paid_content":false,"footnotes":""},"categories":[16,1],"tags":[],"class_list":["post-43740","post","type-post","status-publish","format-standard","has-post-thumbnail","hentry","category-covid-19","category-portada"],"jetpack_featured_media_url":"https:\/\/i0.wp.com\/cdnoticias.com\/wp-content\/uploads\/2022\/01\/hisopado-testeos-region-sanitaria-covid19-09.jpg?fit=800%2C445&ssl=1","jetpack_sharing_enabled":true,"_links":{"self":[{"href":"https:\/\/cdnoticias.com\/index.php\/wp-json\/wp\/v2\/posts\/43740","targetHints":{"allow":["GET"]}}],"collection":[{"href":"https:\/\/cdnoticias.com\/index.php\/wp-json\/wp\/v2\/posts"}],"about":[{"href":"https:\/\/cdnoticias.com\/index.php\/wp-json\/wp\/v2\/types\/post"}],"author":[{"embeddable":true,"href":"https:\/\/cdnoticias.com\/index.php\/wp-json\/wp\/v2\/users\/2"}],"replies":[{"embeddable":true,"href":"https:\/\/cdnoticias.com\/index.php\/wp-json\/wp\/v2\/comments?post=43740"}],"version-history":[{"count":0,"href":"https:\/\/cdnoticias.com\/index.php\/wp-json\/wp\/v2\/posts\/43740\/revisions"}],"wp:featuredmedia":[{"embeddable":true,"href":"https:\/\/cdnoticias.com\/index.php\/wp-json\/wp\/v2\/media\/42980"}],"wp:attachment":[{"href":"https:\/\/cdnoticias.com\/index.php\/wp-json\/wp\/v2\/media?parent=43740"}],"wp:term":[{"taxonomy":"category","embeddable":true,"href":"https:\/\/cdnoticias.com\/index.php\/wp-json\/wp\/v2\/categories?post=43740"},{"taxonomy":"post_tag","embeddable":true,"href":"https:\/\/cdnoticias.com\/index.php\/wp-json\/wp\/v2\/tags?post=43740"}],"curies":[{"name":"wp","href":"https:\/\/api.w.org\/{rel}","templated":true}]}}