{"id":43733,"date":"2022-01-12T16:28:28","date_gmt":"2022-01-12T19:28:28","guid":{"rendered":"https:\/\/www.centraldenoticias.com.ar\/?p=43733"},"modified":"2022-01-12T18:14:10","modified_gmt":"2022-01-12T21:14:10","slug":"la-jueza-galdos-homologo-el-acuerdo-en-el-concurso-preventivo-de-ola-bus","status":"publish","type":"post","link":"https:\/\/cdnoticias.com\/index.php\/2022\/01\/12\/la-jueza-galdos-homologo-el-acuerdo-en-el-concurso-preventivo-de-ola-bus\/","title":{"rendered":"La jueza Gald\u00f3s homolog\u00f3 el acuerdo en el concurso preventivo de Ola Bus"},"content":{"rendered":"<p>La noticia se conoci\u00f3 hace pocos d\u00edas: hubo acuerdo con los acreedores que reclamaron un total de 15 millones de pesos.<!--more--><\/p>\n<hr \/>\n<p><strong>Importantes novedades se conocieron en los \u00faltimos d\u00edas en el proceso que se sigue por el concurso preventivo de crisis de la empresa Ola Bus<\/strong>, concesionaria del servicio de transporte interurbano de pasajeros en Olavarr\u00eda: el Juzgado Civil y Comercial 2 homolog\u00f3 el acuerdo.<\/p>\n<p>&nbsp;<\/p>\n<p>En el marco de ese concurso, que inici\u00f3 hace dos a\u00f1os, <strong>la empresa se encuentra inhibida<\/strong>.<\/p>\n<p>&nbsp;<\/p>\n<blockquote><p>El acuerdo homologado con los acreedores es por un total general de 15 millones de pesos, tal el resultado de la evaluaci\u00f3n del s\u00edndico interviniente, contador Ra\u00fal Bernardo Galarza. La empresa expuso bienes valuados en poco m\u00e1s de 11 millones de pesos.<\/p><\/blockquote>\n<p>&nbsp;<\/p>\n<p>La causa \u201cOla Bus sociedad de responsabilidad limitada s\/concurso preventivo (peque\u00f1o)\u201d tramita en el juzgado a cargo de la doctora Mar\u00eda Hilda Galdos. Desde all\u00ed <strong>se dispuso la apertura del concurso en febrero de 2020 y tras el avance del proceso, el acuerdo se homolog\u00f3 en octubre pasado<\/strong>.<\/p>\n<p>&nbsp;<\/p>\n<p><img data-recalc-dims=\"1\" loading=\"lazy\" decoding=\"async\" class=\"alignnone size-full wp-image-12277\" src=\"https:\/\/i0.wp.com\/cdnoticias.com\/wp-content\/uploads\/2021\/01\/ola-bus-transporte06.jpg?resize=800%2C446&#038;ssl=1\" alt=\"\" width=\"800\" height=\"446\" srcset=\"https:\/\/i0.wp.com\/cdnoticias.com\/wp-content\/uploads\/2021\/01\/ola-bus-transporte06.jpg?w=1000&amp;ssl=1 1000w, https:\/\/i0.wp.com\/cdnoticias.com\/wp-content\/uploads\/2021\/01\/ola-bus-transporte06.jpg?resize=300%2C167&amp;ssl=1 300w, https:\/\/i0.wp.com\/cdnoticias.com\/wp-content\/uploads\/2021\/01\/ola-bus-transporte06.jpg?resize=768%2C429&amp;ssl=1 768w, https:\/\/i0.wp.com\/cdnoticias.com\/wp-content\/uploads\/2021\/01\/ola-bus-transporte06.jpg?resize=800%2C445&amp;ssl=1 800w\" sizes=\"auto, (max-width: 800px) 100vw, 800px\" \/><\/p>\n<p>&nbsp;<\/p>\n<p>Entre los pasos previstos en el proceso, se cont\u00f3 en marzo de 2021 una \u201caudiencia informativa\u201d con los acreedores ya con la propuesta de acuerdo presentada por la empresa deudora, y el decreto de <strong>\u201cinhibici\u00f3n general de bienes\u201d con la constancia de que \u201cla medida decretada no caducar\u00e1 por el transcurso del tiempo\u201d<\/strong>.<\/p>\n<p>&nbsp;<\/p>\n<p>En el<strong> informe de s\u00edndico<\/strong> se establecieron distintos puntos acerca del origen de la cesaci\u00f3n de pagos en que cay\u00f3 Ola Bus.<\/p>\n<p>&nbsp;<\/p>\n<p>Entre ellos mencion\u00f3 <strong>la inflaci\u00f3n, sobre todo lo sucedido durante 2018<\/strong> con dicha variable que impact\u00f3 en la rentabilidad de la firma, y en que al a\u00f1o siguiente, para afrontar los compromisos financieros, la empresa <strong>\u201cse vio obligada a tomar cr\u00e9ditos para cubrir el d\u00e9ficit operacional\u201d<\/strong>.<\/p>\n<p>&nbsp;<\/p>\n<blockquote><p>No obstante, se indic\u00f3 que 2019 tambi\u00e9n fue un a\u00f1o dif\u00edcil para las finanzas de Ola Bus, el cual se defini\u00f3 como el plazo en que se produjo \u201cel impacto deficitario principal\u201d, con el contexto inflacionario a\u00fan con mayor adversidad. En ese sentido, se hizo hincapi\u00e9 en que \u201clos gastos y costos de funcionamiento est\u00e1n atados al valor del d\u00f3lar\u201d lo cual deriv\u00f3 en la presentaci\u00f3n al concurso al a\u00f1o siguiente con el objetivo de \u201csolucionar las deudas con acreedores, bancos y financieras, y con un objetivo mayor que es la preservaci\u00f3n de la fuente de trabajo\u201d.<\/p><\/blockquote>\n<p>&nbsp;<\/p>\n<p><img data-recalc-dims=\"1\" loading=\"lazy\" decoding=\"async\" class=\"alignnone size-full wp-image-12276\" src=\"https:\/\/i0.wp.com\/cdnoticias.com\/wp-content\/uploads\/2021\/01\/ola-bus-transporte05.jpg?resize=800%2C447&#038;ssl=1\" alt=\"\" width=\"800\" height=\"447\" srcset=\"https:\/\/i0.wp.com\/cdnoticias.com\/wp-content\/uploads\/2021\/01\/ola-bus-transporte05.jpg?w=990&amp;ssl=1 990w, https:\/\/i0.wp.com\/cdnoticias.com\/wp-content\/uploads\/2021\/01\/ola-bus-transporte05.jpg?resize=300%2C168&amp;ssl=1 300w, https:\/\/i0.wp.com\/cdnoticias.com\/wp-content\/uploads\/2021\/01\/ola-bus-transporte05.jpg?resize=768%2C429&amp;ssl=1 768w\" sizes=\"auto, (max-width: 800px) 100vw, 800px\" \/><\/p>\n<p>&nbsp;<\/p>\n<p>Con estos elementos como los principales, el informe del s\u00edndico estableci\u00f3 que qued\u00f3 en claro que <strong>exist\u00eda el \u201cdesequilibrio econ\u00f3mico\u201d<\/strong>.<\/p>\n<p>&nbsp;<\/p>\n<p>Con ese informe, y en la continuidad del proceso judicial, <strong>la jueza Gald\u00f3s homolog\u00f3 el acuerdo con los acreedores el 22 de octubre<\/strong> del a\u00f1o pasado.<\/p>\n<p>&nbsp;<\/p>\n<p><strong>Contexto<\/strong><\/p>\n<p>&nbsp;<\/p>\n<p>La empresa Ola Bus es concesionaria del servicio de transporte de pasajeros interurbano desde 2007. Para cuando se inici\u00f3 el concurso preventivo <strong>hac\u00eda pocos meses que se hab\u00eda extendido el contrato con la Municipalidad de Olavarr\u00eda<\/strong> hasta el 30 de abril de 2022.<\/p>\n<p>&nbsp;<\/p>\n<p>Tambi\u00e9n hacia fines de diciembre de 2019, los trabajadores de la empresa hab\u00edan mantenido varios <strong>d\u00edas de paro ante la falta de pagos de salarios<\/strong>. Asimismo, en marzo de 2020, cuando tom\u00f3 estado p\u00fablico la novedad del concurso al que se hab\u00eda presentado la firma, desde el sindicato <strong>UTA inform\u00f3 que Ola Bus a\u00fan manten\u00eda deudas con los empleados<\/strong>.<\/p>\n<p>&nbsp;<\/p>\n<blockquote><p>No obstante, cabe aclarar, ante la consulta efectuada en estos d\u00edas por Central de Noticias, se dej\u00f3 en claro desde el sindicato que actualmente la empresa mantiene los pagos al d\u00eda con sus trabajadores y no se registran deudas en ese sentido.<\/p><\/blockquote>\n<p>&nbsp;<\/p>\n<p>Por \u00faltimo, <a href=\"https:\/\/cdnoticias.com\/index.php\/2022\/01\/07\/dos-empresas-interesadas-en-brindar-el-servicio-de-transporte-interurbano\/\" target=\"_blank\" rel=\"noopener\">cabe recordar que cuando se indag\u00f3 en la firma<\/a> ante una potencial participaci\u00f3n en la licitaci\u00f3n lanzada por el Municipio para <strong>la nueva concesi\u00f3n del servicio que se iniciar\u00e1 en mayo, se plantearon dudas respecto de la presentaci\u00f3n<\/strong>.<\/p>\n","protected":false},"excerpt":{"rendered":"<p>La noticia se conoci\u00f3 hace pocos d\u00edas: hubo acuerdo con los acreedores que reclamaron un total de 15 millones de<\/p>\n","protected":false},"author":4,"featured_media":12275,"comment_status":"closed","ping_status":"closed","sticky":false,"template":"","format":"standard","meta":{"_jetpack_memberships_contains_paid_content":false,"footnotes":""},"categories":[5,1],"tags":[],"class_list":["post-43733","post","type-post","status-publish","format-standard","has-post-thumbnail","hentry","category-informacion-general","category-portada"],"jetpack_featured_media_url":"https:\/\/i0.wp.com\/cdnoticias.com\/wp-content\/uploads\/2021\/01\/ola-bus-transporte04.jpg?fit=1000%2C556&ssl=1","jetpack_sharing_enabled":true,"_links":{"self":[{"href":"https:\/\/cdnoticias.com\/index.php\/wp-json\/wp\/v2\/posts\/43733","targetHints":{"allow":["GET"]}}],"collection":[{"href":"https:\/\/cdnoticias.com\/index.php\/wp-json\/wp\/v2\/posts"}],"about":[{"href":"https:\/\/cdnoticias.com\/index.php\/wp-json\/wp\/v2\/types\/post"}],"author":[{"embeddable":true,"href":"https:\/\/cdnoticias.com\/index.php\/wp-json\/wp\/v2\/users\/4"}],"replies":[{"embeddable":true,"href":"https:\/\/cdnoticias.com\/index.php\/wp-json\/wp\/v2\/comments?post=43733"}],"version-history":[{"count":0,"href":"https:\/\/cdnoticias.com\/index.php\/wp-json\/wp\/v2\/posts\/43733\/revisions"}],"wp:featuredmedia":[{"embeddable":true,"href":"https:\/\/cdnoticias.com\/index.php\/wp-json\/wp\/v2\/media\/12275"}],"wp:attachment":[{"href":"https:\/\/cdnoticias.com\/index.php\/wp-json\/wp\/v2\/media?parent=43733"}],"wp:term":[{"taxonomy":"category","embeddable":true,"href":"https:\/\/cdnoticias.com\/index.php\/wp-json\/wp\/v2\/categories?post=43733"},{"taxonomy":"post_tag","embeddable":true,"href":"https:\/\/cdnoticias.com\/index.php\/wp-json\/wp\/v2\/tags?post=43733"}],"curies":[{"name":"wp","href":"https:\/\/api.w.org\/{rel}","templated":true}]}}