{"id":43714,"date":"2022-01-11T08:51:49","date_gmt":"2022-01-11T11:51:49","guid":{"rendered":"https:\/\/www.centraldenoticias.com.ar\/?p=43714"},"modified":"2022-01-11T08:51:49","modified_gmt":"2022-01-11T11:51:49","slug":"trabajos-de-mantenimiento-en-urquiza-y-general-paz","status":"publish","type":"post","link":"https:\/\/cdnoticias.com\/index.php\/2022\/01\/11\/trabajos-de-mantenimiento-en-urquiza-y-general-paz\/","title":{"rendered":"Trabajos de mantenimiento en Urquiza y General Paz"},"content":{"rendered":"<p>La Municipalidad pidi\u00f3 precauci\u00f3n al circular por el sector debido a las tareas que se desarrollan este martes.<!--more--><\/p>\n<hr \/>\n<p>En la ma\u00f1ana de este martes se llevan adelante <strong>trabajos de mantenimiento en la intersecci\u00f3n de avenida Urquiza y General Paz<\/strong>.<\/p>\n<p>&nbsp;<\/p>\n<p>As\u00ed se inform\u00f3 desde la Municipalidad al tiempo que <strong>se solicit\u00f3 \u201ccircular con precauci\u00f3n por el lugar\u201d<\/strong>.<\/p>\n","protected":false},"excerpt":{"rendered":"<p>La Municipalidad pidi\u00f3 precauci\u00f3n al circular por el sector debido a las tareas que se desarrollan este martes.<\/p>\n","protected":false},"author":4,"featured_media":43715,"comment_status":"closed","ping_status":"closed","sticky":false,"template":"","format":"standard","meta":{"_jetpack_memberships_contains_paid_content":false,"footnotes":""},"categories":[5,1],"tags":[],"class_list":["post-43714","post","type-post","status-publish","format-standard","has-post-thumbnail","hentry","category-informacion-general","category-portada"],"jetpack_featured_media_url":"https:\/\/i0.wp.com\/cdnoticias.com\/wp-content\/uploads\/2022\/01\/urquiza-y-general-paz.jpg?fit=800%2C445&ssl=1","jetpack_sharing_enabled":true,"_links":{"self":[{"href":"https:\/\/cdnoticias.com\/index.php\/wp-json\/wp\/v2\/posts\/43714","targetHints":{"allow":["GET"]}}],"collection":[{"href":"https:\/\/cdnoticias.com\/index.php\/wp-json\/wp\/v2\/posts"}],"about":[{"href":"https:\/\/cdnoticias.com\/index.php\/wp-json\/wp\/v2\/types\/post"}],"author":[{"embeddable":true,"href":"https:\/\/cdnoticias.com\/index.php\/wp-json\/wp\/v2\/users\/4"}],"replies":[{"embeddable":true,"href":"https:\/\/cdnoticias.com\/index.php\/wp-json\/wp\/v2\/comments?post=43714"}],"version-history":[{"count":0,"href":"https:\/\/cdnoticias.com\/index.php\/wp-json\/wp\/v2\/posts\/43714\/revisions"}],"wp:featuredmedia":[{"embeddable":true,"href":"https:\/\/cdnoticias.com\/index.php\/wp-json\/wp\/v2\/media\/43715"}],"wp:attachment":[{"href":"https:\/\/cdnoticias.com\/index.php\/wp-json\/wp\/v2\/media?parent=43714"}],"wp:term":[{"taxonomy":"category","embeddable":true,"href":"https:\/\/cdnoticias.com\/index.php\/wp-json\/wp\/v2\/categories?post=43714"},{"taxonomy":"post_tag","embeddable":true,"href":"https:\/\/cdnoticias.com\/index.php\/wp-json\/wp\/v2\/tags?post=43714"}],"curies":[{"name":"wp","href":"https:\/\/api.w.org\/{rel}","templated":true}]}}