{"id":43712,"date":"2022-01-11T08:25:30","date_gmt":"2022-01-11T11:25:30","guid":{"rendered":"https:\/\/www.centraldenoticias.com.ar\/?p=43712"},"modified":"2022-01-11T08:25:30","modified_gmt":"2022-01-11T11:25:30","slug":"daniel-horacio-suarez-flaco-q-e-p-d","status":"publish","type":"post","link":"https:\/\/cdnoticias.com\/index.php\/2022\/01\/11\/daniel-horacio-suarez-flaco-q-e-p-d\/","title":{"rendered":"Daniel Horacio Su\u00e1rez &#8220;Flaco&#8221; (Q.E.P.D.)"},"content":{"rendered":"<p>&nbsp;<\/p>\n<p>Falleci\u00f3 en Olavarr\u00eda el d\u00eda 10 de enero de 2022 a los 69 a\u00f1os de edad.<\/p>\n<p>&nbsp;<\/p>\n<p>Su esposa Noelia Mansilla; sus hijos: Daniel Oscar y Cristian Su\u00e1rez; sus hijas pol\u00edticas: Julia Arouxet y Pamela Cowes; sus nietos: Lucio, Felipe, Teo, Catalina e Hilario y dem\u00e1s deudos participan su fallecimiento.<\/p>\n<p>&nbsp;<\/p>\n<p>Velatorio: Sala &#8220;D&#8221; de Espa\u00f1a 2942, martes 11 de 9 a 11 horas. Responso: Capilla Ardiente. Inhumaci\u00f3n: Crematorio Pinos de Paz, en d\u00eda a confirmar. Servicio adherido a Coopelectric.<\/p>\n<p>&nbsp;<\/p>\n<p>Barrio en el que viv\u00eda: Sarmiento<\/p>\n<p>&nbsp;<\/p>\n<p>Lugar de nacimiento: Neuqu\u00e9n<\/p>\n<p>&nbsp;<\/p>\n<p>Actividad que desarrollaba: Empleado de Comercio Jubilado. Reconocido \u00e1rbitro de F\u00fatbol de la Liga Local durante 22 a\u00f1os.<\/p>\n","protected":false},"excerpt":{"rendered":"<p>&nbsp; Falleci\u00f3 en Olavarr\u00eda el d\u00eda 10 de enero de 2022 a los 69 a\u00f1os de edad. &nbsp; Su esposa<\/p>\n","protected":false},"author":4,"featured_media":0,"comment_status":"closed","ping_status":"closed","sticky":false,"template":"","format":"standard","meta":{"_jetpack_memberships_contains_paid_content":false,"footnotes":""},"categories":[10],"tags":[],"class_list":["post-43712","post","type-post","status-publish","format-standard","hentry","category-necrologicas"],"jetpack_featured_media_url":"","jetpack_sharing_enabled":true,"_links":{"self":[{"href":"https:\/\/cdnoticias.com\/index.php\/wp-json\/wp\/v2\/posts\/43712","targetHints":{"allow":["GET"]}}],"collection":[{"href":"https:\/\/cdnoticias.com\/index.php\/wp-json\/wp\/v2\/posts"}],"about":[{"href":"https:\/\/cdnoticias.com\/index.php\/wp-json\/wp\/v2\/types\/post"}],"author":[{"embeddable":true,"href":"https:\/\/cdnoticias.com\/index.php\/wp-json\/wp\/v2\/users\/4"}],"replies":[{"embeddable":true,"href":"https:\/\/cdnoticias.com\/index.php\/wp-json\/wp\/v2\/comments?post=43712"}],"version-history":[{"count":0,"href":"https:\/\/cdnoticias.com\/index.php\/wp-json\/wp\/v2\/posts\/43712\/revisions"}],"wp:attachment":[{"href":"https:\/\/cdnoticias.com\/index.php\/wp-json\/wp\/v2\/media?parent=43712"}],"wp:term":[{"taxonomy":"category","embeddable":true,"href":"https:\/\/cdnoticias.com\/index.php\/wp-json\/wp\/v2\/categories?post=43712"},{"taxonomy":"post_tag","embeddable":true,"href":"https:\/\/cdnoticias.com\/index.php\/wp-json\/wp\/v2\/tags?post=43712"}],"curies":[{"name":"wp","href":"https:\/\/api.w.org\/{rel}","templated":true}]}}