{"id":43672,"date":"2022-01-10T16:53:27","date_gmt":"2022-01-10T19:53:27","guid":{"rendered":"https:\/\/www.centraldenoticias.com.ar\/?p=43672"},"modified":"2022-01-10T16:53:27","modified_gmt":"2022-01-10T19:53:27","slug":"corsos-oficiales-2022-convocatoria-a-instituciones","status":"publish","type":"post","link":"https:\/\/cdnoticias.com\/index.php\/2022\/01\/10\/corsos-oficiales-2022-convocatoria-a-instituciones\/","title":{"rendered":"Corsos Oficiales 2022: convocatoria a instituciones"},"content":{"rendered":"<p>La inscripci\u00f3n es desde este lunes 10 hasta el viernes 28 de enero. <!--more--><\/p>\n<hr \/>\n<p>&nbsp;<\/p>\n<p>Desde la<strong> Subsecretar\u00eda de Cultura y Educaci\u00f3n<\/strong> de la Municipalidad se invita a las <strong>organizaciones, instituciones y agrupaciones<\/strong> que quieran <strong>participar con puestos de comidas, alquiler de sillas y venta de espuma.<\/strong><\/p>\n<p>&nbsp;<\/p>\n<p><strong>Podr\u00e1n inscribirse <\/strong>desde el<strong> lunes 10 <\/strong>hasta<strong> el viernes 28 de enero inclusive<\/strong>, de <strong>lunes a viernes de 8:00 a 12:00 en la Casa de la Cultura<\/strong> (Coronel Su\u00e1rez 2924). Deber\u00e1n <strong>concurrir con una nota firmada por el representante de la instituci\u00f3n<\/strong> por la cual participan.<\/p>\n<p>&nbsp;<\/p>\n<p>\u201cCreo muy importante que, despu\u00e9s de tanto tiempo,<strong> podamos volver a colaborar de esta manera con las Instituciones del Partido.<\/strong> Lo hicimos hace poco en el <strong>Aplauso al Asador<\/strong> y fue realmente significativa la ayuda que han tenido en cuanto a la recaudaci\u00f3n. Son eventos en los que sabemos que <strong>hay gran convocatoria<\/strong> y eso empuja much\u00edsimo para que las entidades puedan transitar el a\u00f1o\u201d, <strong>manifest\u00f3 el secretario de Desarrollo Humano y Calidad de Vida Diego Robbiani.<\/strong><\/p>\n<p>&nbsp;<\/p>\n<p>Este a\u00f1o los <strong>Corsos Oficiales se desarrollar\u00e1n durante los d\u00edas 18, 19 y 20 de febrero,<\/strong> en el Cors\u00f3dromo Municipal \u201cGabriel Antonio\u201d.<\/p>\n<p>&nbsp;<\/p>\n","protected":false},"excerpt":{"rendered":"<p>La inscripci\u00f3n es desde este lunes 10 hasta el viernes 28 de enero.<\/p>\n","protected":false},"author":6,"featured_media":43673,"comment_status":"closed","ping_status":"closed","sticky":false,"template":"","format":"standard","meta":{"_jetpack_memberships_contains_paid_content":false,"footnotes":""},"categories":[9,1],"tags":[],"class_list":["post-43672","post","type-post","status-publish","format-standard","has-post-thumbnail","hentry","category-cultura","category-portada"],"jetpack_featured_media_url":"https:\/\/i0.wp.com\/cdnoticias.com\/wp-content\/uploads\/2022\/01\/Corsos-2020-Noche-II-10-1024x683-1.jpg?fit=1024%2C683&ssl=1","jetpack_sharing_enabled":true,"_links":{"self":[{"href":"https:\/\/cdnoticias.com\/index.php\/wp-json\/wp\/v2\/posts\/43672","targetHints":{"allow":["GET"]}}],"collection":[{"href":"https:\/\/cdnoticias.com\/index.php\/wp-json\/wp\/v2\/posts"}],"about":[{"href":"https:\/\/cdnoticias.com\/index.php\/wp-json\/wp\/v2\/types\/post"}],"author":[{"embeddable":true,"href":"https:\/\/cdnoticias.com\/index.php\/wp-json\/wp\/v2\/users\/6"}],"replies":[{"embeddable":true,"href":"https:\/\/cdnoticias.com\/index.php\/wp-json\/wp\/v2\/comments?post=43672"}],"version-history":[{"count":0,"href":"https:\/\/cdnoticias.com\/index.php\/wp-json\/wp\/v2\/posts\/43672\/revisions"}],"wp:featuredmedia":[{"embeddable":true,"href":"https:\/\/cdnoticias.com\/index.php\/wp-json\/wp\/v2\/media\/43673"}],"wp:attachment":[{"href":"https:\/\/cdnoticias.com\/index.php\/wp-json\/wp\/v2\/media?parent=43672"}],"wp:term":[{"taxonomy":"category","embeddable":true,"href":"https:\/\/cdnoticias.com\/index.php\/wp-json\/wp\/v2\/categories?post=43672"},{"taxonomy":"post_tag","embeddable":true,"href":"https:\/\/cdnoticias.com\/index.php\/wp-json\/wp\/v2\/tags?post=43672"}],"curies":[{"name":"wp","href":"https:\/\/api.w.org\/{rel}","templated":true}]}}