{"id":4367,"date":"2020-10-19T20:52:07","date_gmt":"2020-10-19T23:52:07","guid":{"rendered":"http:\/\/www.centraldenoticias.com.ar\/?p=4367"},"modified":"2020-10-20T08:23:35","modified_gmt":"2020-10-20T11:23:35","slug":"nuevo-record-mas-de-200-casos-y-otra-muerte-de-un-paciente-positivo-de-covid19","status":"publish","type":"post","link":"https:\/\/cdnoticias.com\/index.php\/2020\/10\/19\/nuevo-record-mas-de-200-casos-y-otra-muerte-de-un-paciente-positivo-de-covid19\/","title":{"rendered":"Nuevo r\u00e9cord: m\u00e1s de 200 casos y otra muerte de un paciente positivo de Covid19"},"content":{"rendered":"<p>Olavarr\u00eda registr\u00f3 en las \u00faltimas horas el fallecimiento de un paciente de 78 a\u00f1os que hab\u00eda dado positivo de Covid19. Son 606 los pacientes activos.<\/p>\n<p><!--more--><\/p>\n<hr \/>\n<p>Olavarr\u00eda registr\u00f3, lamentablemente, una jornada r\u00e9cord en materia de contagios, ya que fueron detectados 204 nuevos casos de coronavirus. Seg\u00fan se a\u00f1adi\u00f3, 29 corresponden al <a href=\"https:\/\/cdnoticias.com\/index.php\/2020\/10\/19\/el-programa-rta-logro-mas-de-70-testeos-este-lunes\/\">Programa de Detecci\u00f3n Masiva que se realiz\u00f3 en el CAPS N\u00b0 8 \u201cN\u00e9stor Laffite\u201d<\/a>.<\/p>\n<p>&nbsp;<\/p>\n<p>A la par, se a\u00f1adi\u00f3, los positivos de hoy corresponden a personal de comercios, de seguridad, por reuniones sociales, de dependencias municipales, f\u00e1bricas locales, a nexos con positivos anteriores y <strong>se estudia el nexo epidemiol\u00f3gico del 40% de los casos de hoy.<\/strong><\/p>\n<p>&nbsp;<\/p>\n<p><img data-recalc-dims=\"1\" loading=\"lazy\" decoding=\"async\" class=\"alignnone size-large wp-image-4368\" src=\"https:\/\/i0.wp.com\/cdnoticias.com\/wp-content\/uploads\/2020\/10\/parte-12.jpg?resize=800%2C397&#038;ssl=1\" alt=\"\" width=\"800\" height=\"397\" srcset=\"https:\/\/i0.wp.com\/cdnoticias.com\/wp-content\/uploads\/2020\/10\/parte-12.jpg?resize=1024%2C508&amp;ssl=1 1024w, https:\/\/i0.wp.com\/cdnoticias.com\/wp-content\/uploads\/2020\/10\/parte-12.jpg?resize=300%2C149&amp;ssl=1 300w, https:\/\/i0.wp.com\/cdnoticias.com\/wp-content\/uploads\/2020\/10\/parte-12.jpg?resize=768%2C381&amp;ssl=1 768w, https:\/\/i0.wp.com\/cdnoticias.com\/wp-content\/uploads\/2020\/10\/parte-12.jpg?w=1169&amp;ssl=1 1169w\" sizes=\"auto, (max-width: 800px) 100vw, 800px\" \/><\/p>\n<p>&nbsp;<\/p>\n<p>Asimismo, se detall\u00f3 que fueron 120 los pacientes que recibieron el alta m\u00e9dica, por lo que <strong>son 606 los pacientes activos<\/strong>. En otros datos, se expres\u00f3 que <strong>en la jornada se hicieron efectivos 260 testeos, de los cuales 56 fueron negativos.<\/strong><\/p>\n<p>&nbsp;<\/p>\n<p>Sobre el estado actual del Hospital, se indic\u00f3 que <strong>hay diez pacientes en Unidad de Terapia Intensiva, veintitr\u00e9s en Cuidados Generales y dos en el sector de Pediatr\u00eda<\/strong>. No hubo casos positivos en residencias de Adultos mayores. En este sentido, desde la Secretar\u00eda de Salud Municipal aseguraron que el 89% de los casos positivos corresponden a personas con menos de 60 a\u00f1os y el 11% a mayores de 60 a\u00f1os.<\/p>\n<p>&nbsp;<\/p>\n<p><em><strong>Otra muerte<\/strong><\/em><\/p>\n<p>&nbsp;<\/p>\n<p>La otra noticia negativa en el parte emitido en la noche de este lunes es que se registr\u00f3 otra muerte. Correspondi\u00f3 a <strong>un hombre de 78 a\u00f1os que estaba internado en la Unidad de Terapia Intensiva de una cl\u00ednica privada y \u201cpresentaba comorbilidades previas\u201d.<\/strong><\/p>\n<p>&nbsp;<\/p>\n<p>Desde el Ejecutivo local se expres\u00f3 que \u201cel intendente Ezequiel Galli y la Municipalidad de Olavarr\u00eda env\u00edan condolencias a los familiares y amigos de la persona fallecida\u201d.<strong> Ya son 59 las muertes desde el inicio de la pandemia.<\/strong><\/p>\n","protected":false},"excerpt":{"rendered":"<p>Olavarr\u00eda registr\u00f3 en las \u00faltimas horas el fallecimiento de un paciente de 78 a\u00f1os que hab\u00eda dado positivo de Covid19.<\/p>\n","protected":false},"author":3,"featured_media":1091,"comment_status":"closed","ping_status":"closed","sticky":false,"template":"","format":"standard","meta":{"_jetpack_memberships_contains_paid_content":false,"footnotes":""},"categories":[5,1],"tags":[],"class_list":["post-4367","post","type-post","status-publish","format-standard","has-post-thumbnail","hentry","category-informacion-general","category-portada"],"jetpack_featured_media_url":"https:\/\/i0.wp.com\/cdnoticias.com\/wp-content\/uploads\/2020\/09\/HospitalMunicipal03.jpg?fit=4608%2C3072&ssl=1","jetpack_sharing_enabled":true,"_links":{"self":[{"href":"https:\/\/cdnoticias.com\/index.php\/wp-json\/wp\/v2\/posts\/4367","targetHints":{"allow":["GET"]}}],"collection":[{"href":"https:\/\/cdnoticias.com\/index.php\/wp-json\/wp\/v2\/posts"}],"about":[{"href":"https:\/\/cdnoticias.com\/index.php\/wp-json\/wp\/v2\/types\/post"}],"author":[{"embeddable":true,"href":"https:\/\/cdnoticias.com\/index.php\/wp-json\/wp\/v2\/users\/3"}],"replies":[{"embeddable":true,"href":"https:\/\/cdnoticias.com\/index.php\/wp-json\/wp\/v2\/comments?post=4367"}],"version-history":[{"count":0,"href":"https:\/\/cdnoticias.com\/index.php\/wp-json\/wp\/v2\/posts\/4367\/revisions"}],"wp:featuredmedia":[{"embeddable":true,"href":"https:\/\/cdnoticias.com\/index.php\/wp-json\/wp\/v2\/media\/1091"}],"wp:attachment":[{"href":"https:\/\/cdnoticias.com\/index.php\/wp-json\/wp\/v2\/media?parent=4367"}],"wp:term":[{"taxonomy":"category","embeddable":true,"href":"https:\/\/cdnoticias.com\/index.php\/wp-json\/wp\/v2\/categories?post=4367"},{"taxonomy":"post_tag","embeddable":true,"href":"https:\/\/cdnoticias.com\/index.php\/wp-json\/wp\/v2\/tags?post=4367"}],"curies":[{"name":"wp","href":"https:\/\/api.w.org\/{rel}","templated":true}]}}