{"id":43615,"date":"2022-01-10T08:39:00","date_gmt":"2022-01-10T11:39:00","guid":{"rendered":"https:\/\/www.centraldenoticias.com.ar\/?p=43615"},"modified":"2022-01-10T09:44:40","modified_gmt":"2022-01-10T12:44:40","slug":"la-campana-de-vacunacion-contra-el-covid-alcanzo-a-mas-de-600-personas","status":"publish","type":"post","link":"https:\/\/cdnoticias.com\/index.php\/2022\/01\/10\/la-campana-de-vacunacion-contra-el-covid-alcanzo-a-mas-de-600-personas\/","title":{"rendered":"La campa\u00f1a de vacunaci\u00f3n contra el Covid alcanz\u00f3 a m\u00e1s de 600 personas"},"content":{"rendered":"<p>El domingo las dosis se aplicaron en la Facultad de Ciencias de la Salud y en el Servicio Territorial N\u00ba 2. Se retom\u00f3 este lunes la atenci\u00f3n en el Centro Provincial de Testeos.<!--more--><\/p>\n<hr \/>\n<p>En la jornada de este domingo se aplicaron 41 vacunas contra el Covid-19 a ni\u00f1os y ni\u00f1as de 3 a 17 a\u00f1os, y 532 terceras dosis sobre <strong>un total de 642 aplicaciones<\/strong>.<\/p>\n<p>&nbsp;<\/p>\n<p>Desde la <strong>Regi\u00f3n Sanitaria IX<\/strong> se destac\u00f3 que se distribuyeron de la siguiente manera: en la <strong>Facultad de Ciencias de la Salud<\/strong> se inocularon 323 personas, y en el <strong>Servicio Territorial N\u00b02<\/strong> se aplicaron 319 dosis.<\/p>\n<p>&nbsp;<\/p>\n<p>Este lunes continuar\u00e1n las <strong>actividades preventivas en el Centro Provincial de Testeos<\/strong> que funciona en el gimnasio del Club El Fort\u00edn (Pellegrini y Hornos, acceso por calle Hornos), de lunes a viernes de 7 a 12 hs.<\/p>\n<p>&nbsp;<\/p>\n<p><img data-recalc-dims=\"1\" loading=\"lazy\" decoding=\"async\" class=\"size-full wp-image-43420 aligncenter\" src=\"https:\/\/i0.wp.com\/cdnoticias.com\/wp-content\/uploads\/2022\/01\/vacunacion-covid-00.jpg?resize=800%2C445&#038;ssl=1\" alt=\"\" width=\"800\" height=\"445\" srcset=\"https:\/\/i0.wp.com\/cdnoticias.com\/wp-content\/uploads\/2022\/01\/vacunacion-covid-00.jpg?w=800&amp;ssl=1 800w, https:\/\/i0.wp.com\/cdnoticias.com\/wp-content\/uploads\/2022\/01\/vacunacion-covid-00.jpg?resize=300%2C167&amp;ssl=1 300w, https:\/\/i0.wp.com\/cdnoticias.com\/wp-content\/uploads\/2022\/01\/vacunacion-covid-00.jpg?resize=768%2C427&amp;ssl=1 768w\" sizes=\"auto, (max-width: 800px) 100vw, 800px\" \/><\/p>\n<p>&nbsp;<\/p>\n<p>Adem\u00e1s, se desarrolla la<strong> vacunaci\u00f3n libre<\/strong> de primeras y segundas dosis para mayores de 3 a\u00f1os, ya sean argentinas, argentinos y turistas extranjeros, e inici\u00f3 la vacunaci\u00f3n libre de terceras dosis para mayores de 60 a\u00f1os e inmunodeprimidos en todas las postas sanitarias de la Provincia.<\/p>\n<p>&nbsp;<\/p>\n<p>Cualquier duda o consulta, podr\u00e1n acercarse a cualquiera de las tres postas: Servicio Territorial N\u00b02, Av. Alberdi 2543, de 8 a 18 hs; Facultad de Ciencias de la Salud, Merlo entre Av. Pringles y 9 de Julio, de 8 a 18 hs.; y en el Centro Cultural Universitario, San Mart\u00edn 1955, de 8 a 18 hs.<\/p>\n<p>&nbsp;<\/p>\n<p><img data-recalc-dims=\"1\" loading=\"lazy\" decoding=\"async\" class=\"size-large wp-image-42251 aligncenter\" src=\"https:\/\/i0.wp.com\/cdnoticias.com\/wp-content\/uploads\/2021\/12\/banco-pase-libre-covid-la-nueva.jpg?resize=800%2C450&#038;ssl=1\" alt=\"\" width=\"800\" height=\"450\" srcset=\"https:\/\/i0.wp.com\/cdnoticias.com\/wp-content\/uploads\/2021\/12\/banco-pase-libre-covid-la-nueva.jpg?resize=1024%2C576&amp;ssl=1 1024w, https:\/\/i0.wp.com\/cdnoticias.com\/wp-content\/uploads\/2021\/12\/banco-pase-libre-covid-la-nueva.jpg?resize=300%2C169&amp;ssl=1 300w, https:\/\/i0.wp.com\/cdnoticias.com\/wp-content\/uploads\/2021\/12\/banco-pase-libre-covid-la-nueva.jpg?resize=768%2C432&amp;ssl=1 768w, https:\/\/i0.wp.com\/cdnoticias.com\/wp-content\/uploads\/2021\/12\/banco-pase-libre-covid-la-nueva.jpg?w=1280&amp;ssl=1 1280w\" sizes=\"auto, (max-width: 800px) 100vw, 800px\" \/><\/p>\n<p>&nbsp;<\/p>\n<p>Por \u00faltimo, se informa que ya <strong>rige el Pase Libre con Vacuna<\/strong> en la provincia de Buenos Aires. Los responsables de actividades con alta concurrencia deber\u00e1n solicitar el certificado de vacunaci\u00f3n. Es el requisito de al menos dos dosis de la vacuna contra el Covid-19 que es necesario presentar si ten\u00e9s mas de 13 a\u00f1os para poder asistir a algunas actividades en la provincia de Buenos Aires que pueden presentar mayor riesgo epidemiol\u00f3gico. No obstante, hasta el 28 de febrero si una persona tiene la primera dosis y no se cumpli\u00f3 el tiempo m\u00ednimo interdosis (seis semanas), tambi\u00e9n puede acreditar el pase libre.<\/p>\n<p>&nbsp;<\/p>\n<p>Los que <strong>residan en la provincia de Buenos Aires<\/strong> podr\u00e1n acreditar las dosis de las vacunas con el carnet en cart\u00f3n o tarjeta, en el portal mi.argentina.gob.ar y en las app VacunatePBA, MiArgentina y Cuidar.<\/p>\n","protected":false},"excerpt":{"rendered":"<p>El domingo las dosis se aplicaron en la Facultad de Ciencias de la Salud y en el Servicio Territorial N\u00ba<\/p>\n","protected":false},"author":4,"featured_media":32168,"comment_status":"closed","ping_status":"closed","sticky":false,"template":"","format":"standard","meta":{"_jetpack_memberships_contains_paid_content":false,"footnotes":""},"categories":[16,1],"tags":[],"class_list":["post-43615","post","type-post","status-publish","format-standard","has-post-thumbnail","hentry","category-covid-19","category-portada"],"jetpack_featured_media_url":"https:\/\/i0.wp.com\/cdnoticias.com\/wp-content\/uploads\/2021\/09\/vacuna-libertad-scaled-1-1068x711.jpg?fit=1068%2C711&ssl=1","jetpack_sharing_enabled":true,"_links":{"self":[{"href":"https:\/\/cdnoticias.com\/index.php\/wp-json\/wp\/v2\/posts\/43615","targetHints":{"allow":["GET"]}}],"collection":[{"href":"https:\/\/cdnoticias.com\/index.php\/wp-json\/wp\/v2\/posts"}],"about":[{"href":"https:\/\/cdnoticias.com\/index.php\/wp-json\/wp\/v2\/types\/post"}],"author":[{"embeddable":true,"href":"https:\/\/cdnoticias.com\/index.php\/wp-json\/wp\/v2\/users\/4"}],"replies":[{"embeddable":true,"href":"https:\/\/cdnoticias.com\/index.php\/wp-json\/wp\/v2\/comments?post=43615"}],"version-history":[{"count":0,"href":"https:\/\/cdnoticias.com\/index.php\/wp-json\/wp\/v2\/posts\/43615\/revisions"}],"wp:featuredmedia":[{"embeddable":true,"href":"https:\/\/cdnoticias.com\/index.php\/wp-json\/wp\/v2\/media\/32168"}],"wp:attachment":[{"href":"https:\/\/cdnoticias.com\/index.php\/wp-json\/wp\/v2\/media?parent=43615"}],"wp:term":[{"taxonomy":"category","embeddable":true,"href":"https:\/\/cdnoticias.com\/index.php\/wp-json\/wp\/v2\/categories?post=43615"},{"taxonomy":"post_tag","embeddable":true,"href":"https:\/\/cdnoticias.com\/index.php\/wp-json\/wp\/v2\/tags?post=43615"}],"curies":[{"name":"wp","href":"https:\/\/api.w.org\/{rel}","templated":true}]}}