{"id":43556,"date":"2022-01-08T19:42:20","date_gmt":"2022-01-08T22:42:20","guid":{"rendered":"https:\/\/www.centraldenoticias.com.ar\/?p=43556"},"modified":"2022-01-08T19:42:20","modified_gmt":"2022-01-08T22:42:20","slug":"vicente-hector-minich-q-e-p-d","status":"publish","type":"post","link":"https:\/\/cdnoticias.com\/index.php\/2022\/01\/08\/vicente-hector-minich-q-e-p-d\/","title":{"rendered":"Vicente H\u00e9ctor Minich (Q.E.P.D.)"},"content":{"rendered":"<p>Falleci\u00f3 en Olavarr\u00eda el 8 de enero de 2022 a los 88 a\u00f1os. Su esposa Clotilde Graziano; sus hijos Wilma, H\u00e9ctor, Mabel y Rub\u00e9n; sus hijos pol\u00edticos Miguel \u00c1ngel, Mar\u00eda Isabel y Claudio; sus nietos Mar\u00eda Alejandra, Carolina, Paula, Camila, Roberto, Mar\u00eda Soledad, Anal\u00eda, Carlos, Mar\u00eda Bel\u00e9n, Melisa, Magali y Mat\u00edas; sus hermanas Rosa y Teresa; sus cu\u00f1ados, sobrinos, sobrinos pol\u00edticos y dem\u00e1s deudos participan su fallecimiento.<\/p>\n<p>&nbsp;<\/p>\n<p>Sus restos ser\u00e1n velados en la Sala de Sierras Bayas, ubicada en M. Smirnoff 2663, desde las 06:30 horas e inhumados en el Cementerio de Colonia Hinojo a las 10:30, previo responso en la Capilla Ardiente. Nacido en Colonia Hinojo, vecino de Sierras Bayas, comerciante.<\/p>\n","protected":false},"excerpt":{"rendered":"<p>Falleci\u00f3 en Olavarr\u00eda el 8 de enero de 2022 a los 88 a\u00f1os. Su esposa Clotilde Graziano; sus hijos Wilma,<\/p>\n","protected":false},"author":2,"featured_media":0,"comment_status":"closed","ping_status":"closed","sticky":false,"template":"","format":"standard","meta":{"_jetpack_memberships_contains_paid_content":false,"footnotes":""},"categories":[10],"tags":[],"class_list":["post-43556","post","type-post","status-publish","format-standard","hentry","category-necrologicas"],"jetpack_featured_media_url":"","jetpack_sharing_enabled":true,"_links":{"self":[{"href":"https:\/\/cdnoticias.com\/index.php\/wp-json\/wp\/v2\/posts\/43556","targetHints":{"allow":["GET"]}}],"collection":[{"href":"https:\/\/cdnoticias.com\/index.php\/wp-json\/wp\/v2\/posts"}],"about":[{"href":"https:\/\/cdnoticias.com\/index.php\/wp-json\/wp\/v2\/types\/post"}],"author":[{"embeddable":true,"href":"https:\/\/cdnoticias.com\/index.php\/wp-json\/wp\/v2\/users\/2"}],"replies":[{"embeddable":true,"href":"https:\/\/cdnoticias.com\/index.php\/wp-json\/wp\/v2\/comments?post=43556"}],"version-history":[{"count":0,"href":"https:\/\/cdnoticias.com\/index.php\/wp-json\/wp\/v2\/posts\/43556\/revisions"}],"wp:attachment":[{"href":"https:\/\/cdnoticias.com\/index.php\/wp-json\/wp\/v2\/media?parent=43556"}],"wp:term":[{"taxonomy":"category","embeddable":true,"href":"https:\/\/cdnoticias.com\/index.php\/wp-json\/wp\/v2\/categories?post=43556"},{"taxonomy":"post_tag","embeddable":true,"href":"https:\/\/cdnoticias.com\/index.php\/wp-json\/wp\/v2\/tags?post=43556"}],"curies":[{"name":"wp","href":"https:\/\/api.w.org\/{rel}","templated":true}]}}