{"id":43554,"date":"2022-01-08T19:36:10","date_gmt":"2022-01-08T22:36:10","guid":{"rendered":"https:\/\/www.centraldenoticias.com.ar\/?p=43554"},"modified":"2022-01-08T21:49:07","modified_gmt":"2022-01-09T00:49:07","slug":"se-necesitan-de-18-a-20-medicos-para-cubrir-la-demanda-del-sistema-de-salud","status":"publish","type":"post","link":"https:\/\/cdnoticias.com\/index.php\/2022\/01\/08\/se-necesitan-de-18-a-20-medicos-para-cubrir-la-demanda-del-sistema-de-salud\/","title":{"rendered":"\u201cSe necesitan de 18 a 20 m\u00e9dicos para cubrir la demanda del sistema de Salud\u201d"},"content":{"rendered":"<p>El secretario de Salud local, Germ\u00e1n Caputo, confirm\u00f3 que Sierras Bayas tendr\u00e1 m\u00e9dica \u201cdos veces por semana\u201d. Admiti\u00f3 que \u201cen algunas horas algunas zonas quedan sin m\u00e9dico\u201d y dada esa situaci\u00f3n \u201cse asiste desde otra zona\u201d. <!--more--><\/p>\n<hr \/>\n<p>D\u00edas atr\u00e1s,<strong> un reclamo de vecinos de Sierras Bayas encendi\u00f3 las alarmas por la falta de m\u00e9dico en la localidad<\/strong>. \u201cPuede ocurrir cualquier cosa y no tenemos atenci\u00f3n\u201d indicaron en di\u00e1logo con Central de Noticias. En este sentido,<strong> el secretario de Salud Germ\u00e1n Caputo confirm\u00f3 a este medio la designaci\u00f3n de una m\u00e9dica en la localidad al menos dos veces por semana.<\/strong><\/p>\n<p>&nbsp;<\/p>\n<p>En primera instancia, el funcionario explic\u00f3 que<strong><em> \u201cd\u00eda a d\u00eda se necesitan de 18 a 20 m\u00e9dicos para cubrir la demanda de guardia de todo el sistema de Salud de Olavarr\u00eda\u201d<\/em><\/strong> sin contar los especialistas.<\/p>\n<p>&nbsp;<\/p>\n<blockquote><p>Debido al contexto actua<em>l \u201cpor aislamientos, enfermedades, vacaciones, art\u00edculos se hace dif\u00edcil cubrir todo y es algo que se trabaja d\u00eda a d\u00eda\u201d<\/em> y Caputo admiti\u00f3 que<strong><em> \u201cen algunas horas, algunas zonas quedan sin m\u00e9dico. Eso se sabe y se asiste desde otra zona\u201d.<\/em><\/strong><\/p><\/blockquote>\n<p>&nbsp;<\/p>\n<p><em>\u201cSe nos hace complejo encontrar m\u00e9dicos con esas caracter\u00edsticas\u201d<\/em> agreg\u00f3 y se\u00f1al\u00f3 que <em>\u201clo mismo pasa en otras ciudades y en el resto del pa\u00eds\u201d<\/em>. Incluso, Caputo reconoci\u00f3 que recibe llamados <em>\u201cperi\u00f3dicamente de otras ciudades solicitando m\u00e9dicos de guardia\u201d.<\/em><strong> Casualmente,<a href=\"https:\/\/cdnoticias.com\/index.php\/2021\/12\/29\/manifestaciones-en-chillar-por-falta-de-atencion-medica-en-el-hospital\/\" target=\"_blank\" rel=\"noopener\"> una situaci\u00f3n similar se dio en la localidad de Chillar, Partido de Azul, d\u00edas atr\u00e1s.<\/a><\/strong><\/p>\n<p>&nbsp;<\/p>\n<p><strong><em>\u201cLa caracter\u00edstica de m\u00e9dico de guardia de zona serrana es un profesional que maneja todas las patolog\u00edas de todas las edades, con mucho de prevenci\u00f3n y de relaci\u00f3n con la comunidad\u201d<\/em> <\/strong>explic\u00f3 y por la formaci\u00f3n <em>\u201cel target del m\u00e9dico actual es un m\u00e9dico s\u00faper especialista y se hace dif\u00edcil conseguir m\u00e9dicos para cubrir guardias de esas caracter\u00edsticas\u201d.<\/em><\/p>\n<p>&nbsp;<\/p>\n<p>Para cerrar, se\u00f1al\u00f3 que<strong><em> \u201cestamos trabajando todos los d\u00edas en este tema y nos tiene preocupados\u201d<\/em><\/strong> e insisti\u00f3 en que tambi\u00e9n hay preocupaci\u00f3n en el resto de toda la provincia de Buenos Aires.<\/p>\n","protected":false},"excerpt":{"rendered":"<p>El secretario de Salud local, Germ\u00e1n Caputo, confirm\u00f3 que Sierras Bayas tendr\u00e1 m\u00e9dica \u201cdos veces por semana\u201d. Admiti\u00f3 que \u201cen<\/p>\n","protected":false},"author":2,"featured_media":43220,"comment_status":"closed","ping_status":"closed","sticky":false,"template":"","format":"standard","meta":{"_jetpack_memberships_contains_paid_content":false,"footnotes":""},"categories":[5,1],"tags":[],"class_list":["post-43554","post","type-post","status-publish","format-standard","has-post-thumbnail","hentry","category-informacion-general","category-portada"],"jetpack_featured_media_url":"https:\/\/i0.wp.com\/cdnoticias.com\/wp-content\/uploads\/2022\/01\/GermanCaputo-scaled.jpg?fit=2560%2C1424&ssl=1","jetpack_sharing_enabled":true,"_links":{"self":[{"href":"https:\/\/cdnoticias.com\/index.php\/wp-json\/wp\/v2\/posts\/43554","targetHints":{"allow":["GET"]}}],"collection":[{"href":"https:\/\/cdnoticias.com\/index.php\/wp-json\/wp\/v2\/posts"}],"about":[{"href":"https:\/\/cdnoticias.com\/index.php\/wp-json\/wp\/v2\/types\/post"}],"author":[{"embeddable":true,"href":"https:\/\/cdnoticias.com\/index.php\/wp-json\/wp\/v2\/users\/2"}],"replies":[{"embeddable":true,"href":"https:\/\/cdnoticias.com\/index.php\/wp-json\/wp\/v2\/comments?post=43554"}],"version-history":[{"count":0,"href":"https:\/\/cdnoticias.com\/index.php\/wp-json\/wp\/v2\/posts\/43554\/revisions"}],"wp:featuredmedia":[{"embeddable":true,"href":"https:\/\/cdnoticias.com\/index.php\/wp-json\/wp\/v2\/media\/43220"}],"wp:attachment":[{"href":"https:\/\/cdnoticias.com\/index.php\/wp-json\/wp\/v2\/media?parent=43554"}],"wp:term":[{"taxonomy":"category","embeddable":true,"href":"https:\/\/cdnoticias.com\/index.php\/wp-json\/wp\/v2\/categories?post=43554"},{"taxonomy":"post_tag","embeddable":true,"href":"https:\/\/cdnoticias.com\/index.php\/wp-json\/wp\/v2\/tags?post=43554"}],"curies":[{"name":"wp","href":"https:\/\/api.w.org\/{rel}","templated":true}]}}