{"id":43541,"date":"2022-01-08T17:18:20","date_gmt":"2022-01-08T20:18:20","guid":{"rendered":"https:\/\/www.centraldenoticias.com.ar\/?p=43541"},"modified":"2022-01-08T19:36:26","modified_gmt":"2022-01-08T22:36:26","slug":"violento-accidente-un-patrullero-termino-contra-un-arbol","status":"publish","type":"post","link":"https:\/\/cdnoticias.com\/index.php\/2022\/01\/08\/violento-accidente-un-patrullero-termino-contra-un-arbol\/","title":{"rendered":"Violento accidente: un patrullero termin\u00f3 contra un \u00e1rbol"},"content":{"rendered":"<p>El hecho se produjo este s\u00e1bado por la tarde en Lisandro De La Torre y Pellegrini. \u201cSe me trab\u00f3 el acelerador\u201d dijo el efectivo, que result\u00f3 con un golpe en una pierna. <!--more--><\/p>\n<hr \/>\n<p>En la tarde de este s\u00e1bado, <strong>un violento accidente tuvo como saldo importantes da\u00f1os en un patrullero y un polic\u00eda con un golpe tras chocar contra una planta en Lisandro De La Torre y Pellegrini.<\/strong><\/p>\n<p>&nbsp;<\/p>\n<p><img data-recalc-dims=\"1\" loading=\"lazy\" decoding=\"async\" class=\"alignnone size-large wp-image-43538\" src=\"https:\/\/i0.wp.com\/cdnoticias.com\/wp-content\/uploads\/2022\/01\/WhatsApp-Image-2022-01-08-at-16.55.58.jpeg?resize=800%2C600&#038;ssl=1\" alt=\"\" width=\"800\" height=\"600\" srcset=\"https:\/\/i0.wp.com\/cdnoticias.com\/wp-content\/uploads\/2022\/01\/WhatsApp-Image-2022-01-08-at-16.55.58.jpeg?resize=1024%2C768&amp;ssl=1 1024w, https:\/\/i0.wp.com\/cdnoticias.com\/wp-content\/uploads\/2022\/01\/WhatsApp-Image-2022-01-08-at-16.55.58.jpeg?resize=300%2C225&amp;ssl=1 300w, https:\/\/i0.wp.com\/cdnoticias.com\/wp-content\/uploads\/2022\/01\/WhatsApp-Image-2022-01-08-at-16.55.58.jpeg?resize=768%2C576&amp;ssl=1 768w, https:\/\/i0.wp.com\/cdnoticias.com\/wp-content\/uploads\/2022\/01\/WhatsApp-Image-2022-01-08-at-16.55.58.jpeg?resize=1536%2C1153&amp;ssl=1 1536w, https:\/\/i0.wp.com\/cdnoticias.com\/wp-content\/uploads\/2022\/01\/WhatsApp-Image-2022-01-08-at-16.55.58.jpeg?w=1599&amp;ssl=1 1599w\" sizes=\"auto, (max-width: 800px) 100vw, 800px\" \/><\/p>\n<p>&nbsp;<\/p>\n<p>Seg\u00fan lograron determinar efectivos de Polic\u00eda Cient\u00edfica en el lugar, el conductor -un s\u00f3lo polic\u00eda que patrullaba en Zona 7-<strong> dobl\u00f3 por Pellegrini hacia Lisandro De La Torre cuando al momento de acelerar se le trab\u00f3 a fondo el pedal.<\/strong><\/p>\n<p>&nbsp;<\/p>\n<p>Ante la incertidumbre de la situaci\u00f3n y la tierra suelta en la calle,<strong> el veh\u00edculo hizo un trompo e impact\u00f3 contra un \u00e1rbol, generando importantes destrozos en el patrullero y un golpe en la pierna del efectivo, que afortunadamente no requiri\u00f3 de asistencia m\u00e9dica.<\/strong><\/p>\n<p>&nbsp;<\/p>\n<p><img data-recalc-dims=\"1\" loading=\"lazy\" decoding=\"async\" class=\"alignnone size-large wp-image-43540\" src=\"https:\/\/i0.wp.com\/cdnoticias.com\/wp-content\/uploads\/2022\/01\/WhatsApp-Image-2022-01-08-at-16.59.52.jpeg?resize=800%2C600&#038;ssl=1\" alt=\"\" width=\"800\" height=\"600\" srcset=\"https:\/\/i0.wp.com\/cdnoticias.com\/wp-content\/uploads\/2022\/01\/WhatsApp-Image-2022-01-08-at-16.59.52.jpeg?resize=1024%2C768&amp;ssl=1 1024w, https:\/\/i0.wp.com\/cdnoticias.com\/wp-content\/uploads\/2022\/01\/WhatsApp-Image-2022-01-08-at-16.59.52.jpeg?resize=300%2C225&amp;ssl=1 300w, https:\/\/i0.wp.com\/cdnoticias.com\/wp-content\/uploads\/2022\/01\/WhatsApp-Image-2022-01-08-at-16.59.52.jpeg?resize=768%2C576&amp;ssl=1 768w, https:\/\/i0.wp.com\/cdnoticias.com\/wp-content\/uploads\/2022\/01\/WhatsApp-Image-2022-01-08-at-16.59.52.jpeg?resize=1536%2C1153&amp;ssl=1 1536w, https:\/\/i0.wp.com\/cdnoticias.com\/wp-content\/uploads\/2022\/01\/WhatsApp-Image-2022-01-08-at-16.59.52.jpeg?w=1599&amp;ssl=1 1599w\" sizes=\"auto, (max-width: 800px) 100vw, 800px\" \/><\/p>\n<p>&nbsp;<\/p>\n<p>Minutos despu\u00e9s de las tareas de peritajes correspondientes, una gr\u00faa traslad\u00f3 el patrullero para liberar el tr\u00e1nsito en el lugar.<\/p>\n","protected":false},"excerpt":{"rendered":"<p>El hecho se produjo este s\u00e1bado por la tarde en Lisandro De La Torre y Pellegrini. \u201cSe me trab\u00f3 el<\/p>\n","protected":false},"author":2,"featured_media":43536,"comment_status":"closed","ping_status":"closed","sticky":false,"template":"","format":"standard","meta":{"_jetpack_memberships_contains_paid_content":false,"footnotes":""},"categories":[14,1],"tags":[],"class_list":["post-43541","post","type-post","status-publish","format-standard","has-post-thumbnail","hentry","category-policiales","category-portada"],"jetpack_featured_media_url":"https:\/\/i0.wp.com\/cdnoticias.com\/wp-content\/uploads\/2022\/01\/WhatsApp-Image-2022-01-08-at-16.59.52-1.jpeg?fit=1599%2C1200&ssl=1","jetpack_sharing_enabled":true,"_links":{"self":[{"href":"https:\/\/cdnoticias.com\/index.php\/wp-json\/wp\/v2\/posts\/43541","targetHints":{"allow":["GET"]}}],"collection":[{"href":"https:\/\/cdnoticias.com\/index.php\/wp-json\/wp\/v2\/posts"}],"about":[{"href":"https:\/\/cdnoticias.com\/index.php\/wp-json\/wp\/v2\/types\/post"}],"author":[{"embeddable":true,"href":"https:\/\/cdnoticias.com\/index.php\/wp-json\/wp\/v2\/users\/2"}],"replies":[{"embeddable":true,"href":"https:\/\/cdnoticias.com\/index.php\/wp-json\/wp\/v2\/comments?post=43541"}],"version-history":[{"count":0,"href":"https:\/\/cdnoticias.com\/index.php\/wp-json\/wp\/v2\/posts\/43541\/revisions"}],"wp:featuredmedia":[{"embeddable":true,"href":"https:\/\/cdnoticias.com\/index.php\/wp-json\/wp\/v2\/media\/43536"}],"wp:attachment":[{"href":"https:\/\/cdnoticias.com\/index.php\/wp-json\/wp\/v2\/media?parent=43541"}],"wp:term":[{"taxonomy":"category","embeddable":true,"href":"https:\/\/cdnoticias.com\/index.php\/wp-json\/wp\/v2\/categories?post=43541"},{"taxonomy":"post_tag","embeddable":true,"href":"https:\/\/cdnoticias.com\/index.php\/wp-json\/wp\/v2\/tags?post=43541"}],"curies":[{"name":"wp","href":"https:\/\/api.w.org\/{rel}","templated":true}]}}