{"id":4353,"date":"2020-10-19T19:40:23","date_gmt":"2020-10-19T22:40:23","guid":{"rendered":"http:\/\/www.centraldenoticias.com.ar\/?p=4353"},"modified":"2020-10-19T19:40:23","modified_gmt":"2020-10-19T22:40:23","slug":"verano-2021-los-protocolos-para-la-proxima-temporada","status":"publish","type":"post","link":"https:\/\/cdnoticias.com\/index.php\/2020\/10\/19\/verano-2021-los-protocolos-para-la-proxima-temporada\/","title":{"rendered":"Verano 2021: los protocolos para la pr\u00f3xima temporada"},"content":{"rendered":"<p>&nbsp;<\/p>\n<p>Habr\u00e1 que usar una app para viajar y se controlar\u00e1n alojamientos y estad\u00edas. La temporada comenzar\u00e1 el 1\u00b0 de diciembre.<!--more--><\/p>\n<hr \/>\n<p>Las personas que quieran veranear en la provincia de Buenos Aires la pr\u00f3xima temporada <strong>deber\u00e1n contar con una app oficial y presentar una declaraci\u00f3n jurada con el lugar de destino, el alojamiento y los d\u00edas de estad\u00eda<\/strong>, mientras que no se permitir\u00e1n actividades culturales en espacios cerrados y se revisar\u00e1n la capacidad m\u00e1xima de los hoteles en funci\u00f3n de los cuidados.<\/p>\n<p>&nbsp;<\/p>\n<p><strong>As\u00ed lo anunci\u00f3 durante la tarde de este lunes el gobernador Axel Kicillof, durante un acto en Mar del Plata<\/strong> en el que adelant\u00f3 que durante la temporada se desplegar\u00e1n <em>\u201cuna serie de medidas muy rigurosas\u201d<\/em> para evitar que <em>\u201chaya un mont\u00f3n de gente circulando\u201d<\/em> sin un lugar fijo de alojamiento.<\/p>\n<p>&nbsp;<\/p>\n<p>Acompa\u00f1ado por el intendente local, Guillermo Montenegro, el presidente de la c\u00e1mara de Diputados, Sergio Massa, y el ministro de Producci\u00f3n, Augusto Costa, el Gobernador anunci\u00f3 las medidas preventivas que tomar\u00e1 la Provincia para la pr\u00f3xima temporada de verano.<\/p>\n<p>&nbsp;<\/p>\n<p>En primer lugar, el mandatario aclar\u00f3 que<strong> no ser\u00e1 necesario, para ingresar a los destinos tur\u00edsticos, contar con un test negativo para coronavirus<\/strong>, puesto que <em>\u201choy uno puede tener un test negativo, y ma\u00f1ana empezar a contagiar\u201d.<\/em><\/p>\n<p>&nbsp;<\/p>\n<p>S\u00ed se anunciaron una serie de controles estrictos para poder asegurar que no se produzcan <em>\u201cgrandes aglomeraciones\u201d<\/em> en los destinos tur\u00edsticos, seg\u00fan defini\u00f3 Costa. <em>\u201cVa a estar todo protocolizado y regulado. Pero va a exigir conductas responsables:<strong> no alcanza con los protocolos si la gente no cumple con las condiciones de cuidado<\/strong>\u201d<\/em>, dijo el ministro.<\/p>\n<p>&nbsp;<\/p>\n<p>Una de las novedades m\u00e1s importantes para la pr\u00f3xima temporada ser\u00e1 la<strong> app \u201cCuidar Verano\u201d<\/strong> donde se deber\u00e1 avisar la cantidad de pasajeros, el municipio de destino, el lugar de alojamiento y los d\u00edas de estad\u00eda. Adem\u00e1s, deber\u00e1n presentar material de respaldo, como un certificado de reserva.<\/p>\n<p>&nbsp;<\/p>\n<p><img data-recalc-dims=\"1\" loading=\"lazy\" decoding=\"async\" class=\"alignnone size-full wp-image-4163\" src=\"https:\/\/i0.wp.com\/cdnoticias.com\/wp-content\/uploads\/2020\/10\/playa.jpg?resize=800%2C450&#038;ssl=1\" alt=\"\" width=\"800\" height=\"450\" srcset=\"https:\/\/i0.wp.com\/cdnoticias.com\/wp-content\/uploads\/2020\/10\/playa.jpg?w=1004&amp;ssl=1 1004w, https:\/\/i0.wp.com\/cdnoticias.com\/wp-content\/uploads\/2020\/10\/playa.jpg?resize=300%2C169&amp;ssl=1 300w, https:\/\/i0.wp.com\/cdnoticias.com\/wp-content\/uploads\/2020\/10\/playa.jpg?resize=768%2C432&amp;ssl=1 768w\" sizes=\"auto, (max-width: 800px) 100vw, 800px\" \/><\/p>\n<p>&nbsp;<\/p>\n<p>Cada comuna revisar\u00e1 la informaci\u00f3n suministrada y validar\u00e1 el viaje. <strong>Reci\u00e9n ah\u00ed se emitir\u00e1 el certificado de circulaci\u00f3n, que se pedir\u00e1 en los controles que montar\u00e1 el ministerio de Transporte de la Naci\u00f3n.<\/strong><\/p>\n<p>&nbsp;<\/p>\n<p>La intenci\u00f3n del Gobierno es<strong> controlar lo m\u00e1ximo posible la circulaci\u00f3n de personas<\/strong>, evitando aglomeraciones. Para ello se analizar\u00e1 -seg\u00fan adelant\u00f3 Costa- la capacidad de cada establecimiento hotelero y gastron\u00f3mico. De esta forma, la Provincia busca asegurar, antes de emitir los permisos de circulaci\u00f3n correspondientes, que haya una determinada cantidad de personas en cada distrito de forma simult\u00e1nea.<\/p>\n<p>&nbsp;<\/p>\n<p>Como ya se hab\u00eda anticipado, <strong>la temporada comenzar\u00e1 el 1\u00b0 de noviembre para los no residentes que posean propiedades en distritos tur\u00edsticos, y el 1\u00b0 de diciembre para el resto de las personas que deseen viajar. Y se extender\u00e1 hasta el Domingo de Pascua, el 4 de abril de 2021.<\/strong><\/p>\n<p>&nbsp;<\/p>\n<p>Fuente: (DIB)<\/p>\n","protected":false},"excerpt":{"rendered":"<p>&nbsp; Habr\u00e1 que usar una app para viajar y se controlar\u00e1n alojamientos y estad\u00edas. La temporada comenzar\u00e1 el 1\u00b0 de<\/p>\n","protected":false},"author":5,"featured_media":4355,"comment_status":"closed","ping_status":"closed","sticky":false,"template":"","format":"standard","meta":{"_jetpack_memberships_contains_paid_content":false,"footnotes":""},"categories":[6,1],"tags":[],"class_list":["post-4353","post","type-post","status-publish","format-standard","has-post-thumbnail","hentry","category-nacionales","category-portada"],"jetpack_featured_media_url":"https:\/\/i0.wp.com\/cdnoticias.com\/wp-content\/uploads\/2020\/10\/Anuncio-Kicillof-temporada-696x390.png?fit=696%2C390&ssl=1","jetpack_sharing_enabled":true,"_links":{"self":[{"href":"https:\/\/cdnoticias.com\/index.php\/wp-json\/wp\/v2\/posts\/4353","targetHints":{"allow":["GET"]}}],"collection":[{"href":"https:\/\/cdnoticias.com\/index.php\/wp-json\/wp\/v2\/posts"}],"about":[{"href":"https:\/\/cdnoticias.com\/index.php\/wp-json\/wp\/v2\/types\/post"}],"author":[{"embeddable":true,"href":"https:\/\/cdnoticias.com\/index.php\/wp-json\/wp\/v2\/users\/5"}],"replies":[{"embeddable":true,"href":"https:\/\/cdnoticias.com\/index.php\/wp-json\/wp\/v2\/comments?post=4353"}],"version-history":[{"count":0,"href":"https:\/\/cdnoticias.com\/index.php\/wp-json\/wp\/v2\/posts\/4353\/revisions"}],"wp:featuredmedia":[{"embeddable":true,"href":"https:\/\/cdnoticias.com\/index.php\/wp-json\/wp\/v2\/media\/4355"}],"wp:attachment":[{"href":"https:\/\/cdnoticias.com\/index.php\/wp-json\/wp\/v2\/media?parent=4353"}],"wp:term":[{"taxonomy":"category","embeddable":true,"href":"https:\/\/cdnoticias.com\/index.php\/wp-json\/wp\/v2\/categories?post=4353"},{"taxonomy":"post_tag","embeddable":true,"href":"https:\/\/cdnoticias.com\/index.php\/wp-json\/wp\/v2\/tags?post=4353"}],"curies":[{"name":"wp","href":"https:\/\/api.w.org\/{rel}","templated":true}]}}