{"id":43494,"date":"2022-01-07T19:03:03","date_gmt":"2022-01-07T22:03:03","guid":{"rendered":"https:\/\/www.centraldenoticias.com.ar\/?p=43494"},"modified":"2022-01-07T19:03:03","modified_gmt":"2022-01-07T22:03:03","slug":"azul-lograron-desactivar-un-intento-de-fuga-de-internos-de-una-carcel","status":"publish","type":"post","link":"https:\/\/cdnoticias.com\/index.php\/2022\/01\/07\/azul-lograron-desactivar-un-intento-de-fuga-de-internos-de-una-carcel\/","title":{"rendered":"Azul: lograron desactivar un intento de fuga de internos de una c\u00e1rcel"},"content":{"rendered":"<p>Sucedi\u00f3 en la Unidad Penal 7 de la vecina ciudad. Incautaron ganchos y s\u00e1banas anudadas, que ser\u00edan utilizadas como sogas.<!--more--><\/p>\n<hr \/>\n<p><strong>En las \u00faltimas horas personal del Servicio Penitenciario Bonaerense de la Unidad Penal N\u00ba 7 de Azul logr\u00f3 descubrir a tiempo un plan de fuga<\/strong>. La maniobra pudo ser advertida durante una requisa efectuada en horas de la ma\u00f1ana, a trav\u00e9s de la cual se identificaron al menos a cinco reclusos como quienes planeaban esta evasi\u00f3n.<\/p>\n<p>&nbsp;<\/p>\n<blockquote><p>Seg\u00fan detall\u00f3 el Diario El Tiempo, para algunos de los reclusos se orden\u00f3 que fueran trasladados a otras unidades carcelarias, luego de que -en un principio- los separaron &#8220;del \u00e1rea de convivencia del penal como medida preventiva de seguridad&#8221;.<\/p><\/blockquote>\n<p>&nbsp;<\/p>\n<p>En di\u00e1logo con voceros del SPB de la capital provincial se narr\u00f3 que la maniobra fue detectada alrededor de la hora diez, durante la referida requisa efectuada por los agentes penitenciarios que desempe\u00f1an tareas en la Unidad 7. <strong>Los guardias de la c\u00e1rcel con sede en Azul hallaron &#8220;ganchos y sogas hechas con s\u00e1banas entrelazadas&#8221;, elementos con los que &#8220;un grupo de unos cinco internos planificaba una fuga&#8221;<\/strong>, seg\u00fan se indic\u00f3.<\/p>\n<p>&nbsp;<\/p>\n<p><strong>El escenario de esa requisa fue una celda situada en el tercer piso de la unidad penal ubicada en el Barrio El Sol<\/strong>. Todos los elementos mencionados fueron incautados por los agentes penitenciarios, inici\u00e1ndose por lo sucedido una investigaci\u00f3n penal que qued\u00f3 radicada en la Ayudant\u00eda Fiscal perteneciente al Departamento Judicial Azul desde donde se instruyen sumarios relacionados con las comisiones de delitos en contextos carcelarios.<\/p>\n<p>&nbsp;<\/p>\n<p>Voceros del SPB se\u00f1alaron tambi\u00e9n que <strong>&#8220;el personal penitenciario pudo identificar a los dos reclusos que estaban planificando la fuga y a otros internos que colaboraron en la elaboraci\u00f3n de los elementos que pretend\u00edan utilizar y terminaron siendo incautados&#8221;<\/strong>.<\/p>\n<p>&nbsp;<\/p>\n<p><img data-recalc-dims=\"1\" loading=\"lazy\" decoding=\"async\" class=\"alignnone wp-image-43496 size-full\" src=\"https:\/\/i0.wp.com\/cdnoticias.com\/wp-content\/uploads\/2022\/01\/1641586105.jpeg?resize=800%2C450&#038;ssl=1\" alt=\"\" width=\"800\" height=\"450\" srcset=\"https:\/\/i0.wp.com\/cdnoticias.com\/wp-content\/uploads\/2022\/01\/1641586105.jpeg?w=948&amp;ssl=1 948w, https:\/\/i0.wp.com\/cdnoticias.com\/wp-content\/uploads\/2022\/01\/1641586105.jpeg?resize=300%2C169&amp;ssl=1 300w, https:\/\/i0.wp.com\/cdnoticias.com\/wp-content\/uploads\/2022\/01\/1641586105.jpeg?resize=768%2C432&amp;ssl=1 768w\" sizes=\"auto, (max-width: 800px) 100vw, 800px\" \/><\/p>\n<p>&nbsp;<\/p>\n<p>Desde la Direcci\u00f3n de la Unidad 7 fue solicitado al magistrado Juan Jos\u00e9 Su\u00e1rez -el titular del Juzgado de Garant\u00edas 3 con sede en los tribunales de Azul- <strong>un aval en car\u00e1cter de urgente, con la finalidad de que ambos traslados pudieran hacerse efectivos durante el transcurso del d\u00eda de las pr\u00f3ximas horas. <\/strong>Los reclusos sindicados como los cabecillas de este intento de fuga fueron identificados como Cristian Luj\u00e1n D\u00edaz Cametti y Jonatan Omar Enrique Goncebatte Su\u00e1rez. El segundo de los internos mencionados es un vendedor ambulante de 33 a\u00f1os de edad oriundo de Mar del Plata que est\u00e1 preso desde meses atr\u00e1s.<\/p>\n<p>&nbsp;<\/p>\n<p><strong>El pasado 25 de septiembre hab\u00eda protagonizado en Azul un homicidio,<\/strong> hecho que tuvo como v\u00edctima a otro marplatense que, al igual que \u00e9l, era vendedor ambulante. De acuerdo con lo investigado, ese d\u00eda ya referido Goncebatte lo mat\u00f3 de una pu\u00f1alada, tras una discusi\u00f3n que ambos mantuvieron en el interior de un departamento que alquilaban en un complejo habitacional situado sobre la calle Laprida, en cercan\u00edas a la Costanera.<\/p>\n<p>&nbsp;<\/p>\n<p>En tanto, los dem\u00e1s internos involucrados en esta fuga que pudo ser evitada por los guardias de la Unidad 7 fueron identificados como Marcelo S\u00e1enz L\u00f3pez, Jonathan Alejandro Maldonado y Marcelo Mayorca Ricci.<\/p>\n<p>&nbsp;<\/p>\n<p><a href=\"https:\/\/www.diarioeltiempo.com.ar\/nota--unidad-7-descubren-durante-una-requisa-que-varios-internos-planeaban-fugarse--175632\" target=\"_blank\" rel=\"noopener\"><em>Fotos y fuente Diario El Tiempo de Azul<\/em><\/a><\/p>\n","protected":false},"excerpt":{"rendered":"<p>Sucedi\u00f3 en la Unidad Penal 7 de la vecina ciudad. Incautaron ganchos y s\u00e1banas anudadas, que ser\u00edan utilizadas como sogas.<\/p>\n","protected":false},"author":6,"featured_media":43497,"comment_status":"closed","ping_status":"closed","sticky":false,"template":"","format":"standard","meta":{"_jetpack_memberships_contains_paid_content":false,"footnotes":""},"categories":[6,1],"tags":[],"class_list":["post-43494","post","type-post","status-publish","format-standard","has-post-thumbnail","hentry","category-nacionales","category-portada"],"jetpack_featured_media_url":"https:\/\/i0.wp.com\/cdnoticias.com\/wp-content\/uploads\/2022\/01\/1641586079.jpeg?fit=948%2C533&ssl=1","jetpack_sharing_enabled":true,"_links":{"self":[{"href":"https:\/\/cdnoticias.com\/index.php\/wp-json\/wp\/v2\/posts\/43494","targetHints":{"allow":["GET"]}}],"collection":[{"href":"https:\/\/cdnoticias.com\/index.php\/wp-json\/wp\/v2\/posts"}],"about":[{"href":"https:\/\/cdnoticias.com\/index.php\/wp-json\/wp\/v2\/types\/post"}],"author":[{"embeddable":true,"href":"https:\/\/cdnoticias.com\/index.php\/wp-json\/wp\/v2\/users\/6"}],"replies":[{"embeddable":true,"href":"https:\/\/cdnoticias.com\/index.php\/wp-json\/wp\/v2\/comments?post=43494"}],"version-history":[{"count":0,"href":"https:\/\/cdnoticias.com\/index.php\/wp-json\/wp\/v2\/posts\/43494\/revisions"}],"wp:featuredmedia":[{"embeddable":true,"href":"https:\/\/cdnoticias.com\/index.php\/wp-json\/wp\/v2\/media\/43497"}],"wp:attachment":[{"href":"https:\/\/cdnoticias.com\/index.php\/wp-json\/wp\/v2\/media?parent=43494"}],"wp:term":[{"taxonomy":"category","embeddable":true,"href":"https:\/\/cdnoticias.com\/index.php\/wp-json\/wp\/v2\/categories?post=43494"},{"taxonomy":"post_tag","embeddable":true,"href":"https:\/\/cdnoticias.com\/index.php\/wp-json\/wp\/v2\/tags?post=43494"}],"curies":[{"name":"wp","href":"https:\/\/api.w.org\/{rel}","templated":true}]}}