{"id":43443,"date":"2022-01-07T16:12:49","date_gmt":"2022-01-07T19:12:49","guid":{"rendered":"https:\/\/www.centraldenoticias.com.ar\/?p=43443"},"modified":"2022-01-07T16:12:49","modified_gmt":"2022-01-07T19:12:49","slug":"corte-del-transito-para-avanzar-en-una-obra-de-la-red-cloacal","status":"publish","type":"post","link":"https:\/\/cdnoticias.com\/index.php\/2022\/01\/07\/corte-del-transito-para-avanzar-en-una-obra-de-la-red-cloacal\/","title":{"rendered":"Corte del tr\u00e1nsito para avanzar en una obra de la red cloacal"},"content":{"rendered":"<p>Se har\u00e1 el lunes y el martes. Afectar\u00e1 el tr\u00e1nsito por calle Rivadavia entre Trabajadores y Juan XXIII.<!--more--><\/p>\n<hr \/>\n<p><strong>Se anunci\u00f3 un corte del tr\u00e1nsito en un tramo de calle Rivadavia para llevar adelante una obra p\u00fablica<\/strong>. La medida se aplicar\u00e1 el lunes y martes.<\/p>\n<p>&nbsp;<\/p>\n<blockquote><p>Desde la Divisi\u00f3n de Obras Sanitarias de Coopelectric se comunic\u00f3 que se llevar\u00e1 adelante \u201cla ejecuci\u00f3n de obra de ampliaci\u00f3n de red cloacal domiciliaria en calle Rivadavia, desde avenida Trabajadores a calle Juan XXIII. Dichos trabajos se desarrollar\u00e1n los d\u00edas lunes 10 y martes 11 de enero, a partir de las 8 horas y hasta las 17 horas aproximadamente\u201d.<\/p><\/blockquote>\n<p>&nbsp;<\/p>\n<p><img data-recalc-dims=\"1\" loading=\"lazy\" decoding=\"async\" class=\"aligncenter wp-image-43445 size-large\" src=\"https:\/\/i0.wp.com\/cdnoticias.com\/wp-content\/uploads\/2022\/01\/ampliacion-red-cloacal.jpeg?resize=800%2C661&#038;ssl=1\" alt=\"\" width=\"800\" height=\"661\" srcset=\"https:\/\/i0.wp.com\/cdnoticias.com\/wp-content\/uploads\/2022\/01\/ampliacion-red-cloacal.jpeg?resize=1024%2C846&amp;ssl=1 1024w, https:\/\/i0.wp.com\/cdnoticias.com\/wp-content\/uploads\/2022\/01\/ampliacion-red-cloacal.jpeg?resize=300%2C248&amp;ssl=1 300w, https:\/\/i0.wp.com\/cdnoticias.com\/wp-content\/uploads\/2022\/01\/ampliacion-red-cloacal.jpeg?resize=768%2C635&amp;ssl=1 768w, https:\/\/i0.wp.com\/cdnoticias.com\/wp-content\/uploads\/2022\/01\/ampliacion-red-cloacal.jpeg?w=1280&amp;ssl=1 1280w\" sizes=\"auto, (max-width: 800px) 100vw, 800px\" \/><\/p>\n<p>&nbsp;<\/p>\n<p>Para la ejecuci\u00f3n de estos trabajos, <strong>ser\u00e1 necesario el corte total del tr\u00e1nsito de la mano de calle Rivadavia sentido Trabajadores \u2013 ruta 226<\/strong>.<\/p>\n<p>&nbsp;<\/p>\n<blockquote><p>Con ello, tal como se explica en el gr\u00e1fico que ilustra la nota, se anunci\u00f3 que \u201cse cortar\u00e1 el acceso a la rotonda de la intersecci\u00f3n con calle Rivadavia\u201d y se dispondr\u00e1 \u201cel desv\u00edo del tr\u00e1nsito por calle Moreno, retomando la calle Rivadavia por calle Juan XXIII\u201d.<\/p><\/blockquote>\n","protected":false},"excerpt":{"rendered":"<p>Se har\u00e1 el lunes y el martes. Afectar\u00e1 el tr\u00e1nsito por calle Rivadavia entre Trabajadores y Juan XXIII.<\/p>\n","protected":false},"author":4,"featured_media":43444,"comment_status":"closed","ping_status":"closed","sticky":false,"template":"","format":"standard","meta":{"_jetpack_memberships_contains_paid_content":false,"footnotes":""},"categories":[5,1],"tags":[],"class_list":["post-43443","post","type-post","status-publish","format-standard","has-post-thumbnail","hentry","category-informacion-general","category-portada"],"jetpack_featured_media_url":"https:\/\/i0.wp.com\/cdnoticias.com\/wp-content\/uploads\/2022\/01\/ampliacion-red-cloacal-trabajadores-y-rivadavia.jpg?fit=800%2C445&ssl=1","jetpack_sharing_enabled":true,"_links":{"self":[{"href":"https:\/\/cdnoticias.com\/index.php\/wp-json\/wp\/v2\/posts\/43443","targetHints":{"allow":["GET"]}}],"collection":[{"href":"https:\/\/cdnoticias.com\/index.php\/wp-json\/wp\/v2\/posts"}],"about":[{"href":"https:\/\/cdnoticias.com\/index.php\/wp-json\/wp\/v2\/types\/post"}],"author":[{"embeddable":true,"href":"https:\/\/cdnoticias.com\/index.php\/wp-json\/wp\/v2\/users\/4"}],"replies":[{"embeddable":true,"href":"https:\/\/cdnoticias.com\/index.php\/wp-json\/wp\/v2\/comments?post=43443"}],"version-history":[{"count":0,"href":"https:\/\/cdnoticias.com\/index.php\/wp-json\/wp\/v2\/posts\/43443\/revisions"}],"wp:featuredmedia":[{"embeddable":true,"href":"https:\/\/cdnoticias.com\/index.php\/wp-json\/wp\/v2\/media\/43444"}],"wp:attachment":[{"href":"https:\/\/cdnoticias.com\/index.php\/wp-json\/wp\/v2\/media?parent=43443"}],"wp:term":[{"taxonomy":"category","embeddable":true,"href":"https:\/\/cdnoticias.com\/index.php\/wp-json\/wp\/v2\/categories?post=43443"},{"taxonomy":"post_tag","embeddable":true,"href":"https:\/\/cdnoticias.com\/index.php\/wp-json\/wp\/v2\/tags?post=43443"}],"curies":[{"name":"wp","href":"https:\/\/api.w.org\/{rel}","templated":true}]}}