{"id":4344,"date":"2020-10-19T17:21:53","date_gmt":"2020-10-19T20:21:53","guid":{"rendered":"http:\/\/www.centraldenoticias.com.ar\/?p=4344"},"modified":"2020-10-19T17:23:37","modified_gmt":"2020-10-19T20:23:37","slug":"el-municipio-se-ilumina-de-violeta-para-concientizar-sobre-el-sindrome-de-rett","status":"publish","type":"post","link":"https:\/\/cdnoticias.com\/index.php\/2020\/10\/19\/el-municipio-se-ilumina-de-violeta-para-concientizar-sobre-el-sindrome-de-rett\/","title":{"rendered":"El Municipio se ilumina de violeta para concientizar sobre el S\u00edndrome de Rett"},"content":{"rendered":"<p>&nbsp;<\/p>\n<p>Se trata de un desorden neurol\u00f3gico infantil, de causa gen\u00e9tica. La intenci\u00f3n es promover la informaci\u00f3n y visibilidad de esta enfermedad para impulsar una sociedad m\u00e1s inclusiva.<!--more--><\/p>\n<hr \/>\n<p>El Municipio de Olavarr\u00eda, a trav\u00e9s del Programa de Promoci\u00f3n de Derechos para Personas con Discapacidad y Personas Mayores, conmemora el <strong>mes de concientizaci\u00f3n sobre el S\u00edndrome de Rett (SR) durante el mes de octubre.<\/strong><\/p>\n<p>&nbsp;<\/p>\n<p>Por tal motivo,<strong> este lunes por la noche el edificio del Palacio Municipal San Mart\u00edn se iluminar\u00e1 de violeta,<\/strong> color conmemorativo que identifica la lucha de las familias contra dicha enfermedad.<\/p>\n<p>&nbsp;<\/p>\n<p>El<strong> S\u00edndrome de Rett<\/strong> es un grave desorden neurol\u00f3gico infantil, de causa gen\u00e9tica, que se caracteriza por una evoluci\u00f3n normal inicial, seguida por la p\u00e9rdida del uso voluntario de las manos y sus movimientos caracter\u00edsticos, sumado a dificultades para caminar y convulsiones, entre otras.<\/p>\n<p>&nbsp;<\/p>\n<p>La severidad del cuadro y diversidad de s\u00edntomas es amplia, por lo tanto, <strong>el abanico de posibilidades terap\u00e9uticas es vasto y debe ajustarse a cada caso en particular.<\/strong><\/p>\n<p>&nbsp;<\/p>\n<p><em>\u00a8Desde el Programa de Promoci\u00f3n de Derechos para las Personas con Discapacidad y Personas Mayores nos sumamos a las voces de familiares y redes afectivas de las personas que conviven con el S\u00edndrome de Rett, con la convicci\u00f3n de que a partir de la difusi\u00f3n de esta informaci\u00f3n y de darle mayor visibilidad, estaremos contribuyendo en el prop\u00f3sito mutuo de una sociedad m\u00e1s inclusiva\u00a8<\/em>, sostuvo la referente del Programa, Romina Sponer.<\/p>\n<p>&nbsp;<\/p>\n<p>Para m\u00e1s informaci\u00f3n, o consultas contactarse al mail institucional: discapacidadypersonasmayores@olavarr\u00eda.gov.ar.<\/p>\n","protected":false},"excerpt":{"rendered":"<p>&nbsp; Se trata de un desorden neurol\u00f3gico infantil, de causa gen\u00e9tica. La intenci\u00f3n es promover la informaci\u00f3n y visibilidad de<\/p>\n","protected":false},"author":5,"featured_media":4345,"comment_status":"closed","ping_status":"closed","sticky":false,"template":"","format":"standard","meta":{"_jetpack_memberships_contains_paid_content":false,"footnotes":""},"categories":[5,1],"tags":[],"class_list":["post-4344","post","type-post","status-publish","format-standard","has-post-thumbnail","hentry","category-informacion-general","category-portada"],"jetpack_featured_media_url":"https:\/\/i0.wp.com\/cdnoticias.com\/wp-content\/uploads\/2020\/10\/Fachada-Municipalidad-1-1024x682.jpg?fit=1024%2C682&ssl=1","jetpack_sharing_enabled":true,"_links":{"self":[{"href":"https:\/\/cdnoticias.com\/index.php\/wp-json\/wp\/v2\/posts\/4344","targetHints":{"allow":["GET"]}}],"collection":[{"href":"https:\/\/cdnoticias.com\/index.php\/wp-json\/wp\/v2\/posts"}],"about":[{"href":"https:\/\/cdnoticias.com\/index.php\/wp-json\/wp\/v2\/types\/post"}],"author":[{"embeddable":true,"href":"https:\/\/cdnoticias.com\/index.php\/wp-json\/wp\/v2\/users\/5"}],"replies":[{"embeddable":true,"href":"https:\/\/cdnoticias.com\/index.php\/wp-json\/wp\/v2\/comments?post=4344"}],"version-history":[{"count":0,"href":"https:\/\/cdnoticias.com\/index.php\/wp-json\/wp\/v2\/posts\/4344\/revisions"}],"wp:featuredmedia":[{"embeddable":true,"href":"https:\/\/cdnoticias.com\/index.php\/wp-json\/wp\/v2\/media\/4345"}],"wp:attachment":[{"href":"https:\/\/cdnoticias.com\/index.php\/wp-json\/wp\/v2\/media?parent=4344"}],"wp:term":[{"taxonomy":"category","embeddable":true,"href":"https:\/\/cdnoticias.com\/index.php\/wp-json\/wp\/v2\/categories?post=4344"},{"taxonomy":"post_tag","embeddable":true,"href":"https:\/\/cdnoticias.com\/index.php\/wp-json\/wp\/v2\/tags?post=4344"}],"curies":[{"name":"wp","href":"https:\/\/api.w.org\/{rel}","templated":true}]}}