{"id":43438,"date":"2022-01-07T11:49:50","date_gmt":"2022-01-07T14:49:50","guid":{"rendered":"https:\/\/www.centraldenoticias.com.ar\/?p=43438"},"modified":"2022-01-07T11:54:30","modified_gmt":"2022-01-07T14:54:30","slug":"peronismo-republicano-participo-del-acto-en-el-aniversario-de-colonia-hinojo","status":"publish","type":"post","link":"https:\/\/cdnoticias.com\/index.php\/2022\/01\/07\/peronismo-republicano-participo-del-acto-en-el-aniversario-de-colonia-hinojo\/","title":{"rendered":"Peronismo Republicano particip\u00f3 del acto en el aniversario de Colonia Hinojo"},"content":{"rendered":"<p>Se destac\u00f3 que el concejal Nicol\u00e1s Marinangeli asisti\u00f3 a los festejos por 144 a\u00f1os de la localidad.<!--more--><\/p>\n<hr \/>\n<p><strong>La agrupaci\u00f3n Peronismo Republicano destac\u00f3 que \u201cnuestro concejal Nicol\u00e1s Marinangeli estuvo presente en el Aniversario 144\u00b0 de Colonia Hinojo\u201d<\/strong>.<\/p>\n<p>&nbsp;<\/p>\n<p>La fiesta celebrativa con un acto protocolar <a href=\"https:\/\/cdnoticias.com\/index.php\/2022\/01\/06\/colonia-hinojo-celebro-su-144-aniversario\/\" target=\"_blank\" rel=\"noopener\">tuvo lugar el mi\u00e9rcoles por la tarde<\/a>. Inici\u00f3 con la entonaci\u00f3n del Himno Nacional Argentino y luego adem\u00e1s se hizo entrega de reconocimientos a vecinos y vecinas destacadas.<\/p>\n<p>&nbsp;<\/p>\n<p><img data-recalc-dims=\"1\" loading=\"lazy\" decoding=\"async\" class=\"size-large wp-image-43396 aligncenter\" src=\"https:\/\/i0.wp.com\/cdnoticias.com\/wp-content\/uploads\/2022\/01\/144-Aniversario-Colonia-Hinojo-1-scaled-1.jpg?resize=800%2C534&#038;ssl=1\" alt=\"\" width=\"800\" height=\"534\" srcset=\"https:\/\/i0.wp.com\/cdnoticias.com\/wp-content\/uploads\/2022\/01\/144-Aniversario-Colonia-Hinojo-1-scaled-1.jpg?resize=1024%2C684&amp;ssl=1 1024w, https:\/\/i0.wp.com\/cdnoticias.com\/wp-content\/uploads\/2022\/01\/144-Aniversario-Colonia-Hinojo-1-scaled-1.jpg?resize=300%2C201&amp;ssl=1 300w, https:\/\/i0.wp.com\/cdnoticias.com\/wp-content\/uploads\/2022\/01\/144-Aniversario-Colonia-Hinojo-1-scaled-1.jpg?resize=768%2C513&amp;ssl=1 768w, https:\/\/i0.wp.com\/cdnoticias.com\/wp-content\/uploads\/2022\/01\/144-Aniversario-Colonia-Hinojo-1-scaled-1.jpg?resize=1536%2C1027&amp;ssl=1 1536w, https:\/\/i0.wp.com\/cdnoticias.com\/wp-content\/uploads\/2022\/01\/144-Aniversario-Colonia-Hinojo-1-scaled-1.jpg?resize=2048%2C1369&amp;ssl=1 2048w, https:\/\/i0.wp.com\/cdnoticias.com\/wp-content\/uploads\/2022\/01\/144-Aniversario-Colonia-Hinojo-1-scaled-1.jpg?resize=272%2C182&amp;ssl=1 272w, https:\/\/i0.wp.com\/cdnoticias.com\/wp-content\/uploads\/2022\/01\/144-Aniversario-Colonia-Hinojo-1-scaled-1.jpg?w=1600&amp;ssl=1 1600w, https:\/\/i0.wp.com\/cdnoticias.com\/wp-content\/uploads\/2022\/01\/144-Aniversario-Colonia-Hinojo-1-scaled-1.jpg?w=2400&amp;ssl=1 2400w\" sizes=\"auto, (max-width: 800px) 100vw, 800px\" \/><\/p>\n<p>&nbsp;<\/p>\n<p>\u201c<strong>Nicolas Marinangeli estuvo en representaci\u00f3n de todo el Peronismo Republicano Olavarr\u00eda<\/strong>, acompa\u00f1ando a nuestro Intendente Ezequiel Galli y a los diferentes funcionarios que se hicieron presente en este emotivo acto, donde se vuelve a reivindicar las tradiciones de los inmigrantes\u201d se\u00f1al\u00f3 la agrupaci\u00f3n que tiene como referente local a Mario Cura.<\/p>\n<p>&nbsp;<\/p>\n<blockquote><p>En tanto, el concejal expres\u00f3: \u201cquiero agradecer ante todo por la invitaci\u00f3n a esta nueva celebraci\u00f3n de Colonia Hinojo. Fue un emotivo d\u00eda para estar y acompa\u00f1ar a los vecinos de la localidad que con mucho esfuerzo realizan este evento y adem\u00e1s quiero destacar el trabajo que hacen junto a las instituciones y diferentes generaciones para mantener viva esta tradici\u00f3n\u201d.<\/p><\/blockquote>\n","protected":false},"excerpt":{"rendered":"<p>Se destac\u00f3 que el concejal Nicol\u00e1s Marinangeli asisti\u00f3 a los festejos por 144 a\u00f1os de la localidad.<\/p>\n","protected":false},"author":4,"featured_media":3755,"comment_status":"closed","ping_status":"closed","sticky":false,"template":"","format":"standard","meta":{"_jetpack_memberships_contains_paid_content":false,"footnotes":""},"categories":[4],"tags":[],"class_list":["post-43438","post","type-post","status-publish","format-standard","has-post-thumbnail","hentry","category-politica"],"jetpack_featured_media_url":"https:\/\/i0.wp.com\/cdnoticias.com\/wp-content\/uploads\/2020\/10\/hcd-recalde-marinangeli1.jpg?fit=693%2C387&ssl=1","jetpack_sharing_enabled":true,"_links":{"self":[{"href":"https:\/\/cdnoticias.com\/index.php\/wp-json\/wp\/v2\/posts\/43438","targetHints":{"allow":["GET"]}}],"collection":[{"href":"https:\/\/cdnoticias.com\/index.php\/wp-json\/wp\/v2\/posts"}],"about":[{"href":"https:\/\/cdnoticias.com\/index.php\/wp-json\/wp\/v2\/types\/post"}],"author":[{"embeddable":true,"href":"https:\/\/cdnoticias.com\/index.php\/wp-json\/wp\/v2\/users\/4"}],"replies":[{"embeddable":true,"href":"https:\/\/cdnoticias.com\/index.php\/wp-json\/wp\/v2\/comments?post=43438"}],"version-history":[{"count":0,"href":"https:\/\/cdnoticias.com\/index.php\/wp-json\/wp\/v2\/posts\/43438\/revisions"}],"wp:featuredmedia":[{"embeddable":true,"href":"https:\/\/cdnoticias.com\/index.php\/wp-json\/wp\/v2\/media\/3755"}],"wp:attachment":[{"href":"https:\/\/cdnoticias.com\/index.php\/wp-json\/wp\/v2\/media?parent=43438"}],"wp:term":[{"taxonomy":"category","embeddable":true,"href":"https:\/\/cdnoticias.com\/index.php\/wp-json\/wp\/v2\/categories?post=43438"},{"taxonomy":"post_tag","embeddable":true,"href":"https:\/\/cdnoticias.com\/index.php\/wp-json\/wp\/v2\/tags?post=43438"}],"curies":[{"name":"wp","href":"https:\/\/api.w.org\/{rel}","templated":true}]}}