{"id":43430,"date":"2022-01-07T11:26:20","date_gmt":"2022-01-07T14:26:20","guid":{"rendered":"https:\/\/www.centraldenoticias.com.ar\/?p=43430"},"modified":"2022-01-07T12:58:00","modified_gmt":"2022-01-07T15:58:00","slug":"ovnis-en-olavarria-salimos-y-era-un-platillo-volador-con-luces-giratorias","status":"publish","type":"post","link":"https:\/\/cdnoticias.com\/index.php\/2022\/01\/07\/ovnis-en-olavarria-salimos-y-era-un-platillo-volador-con-luces-giratorias\/","title":{"rendered":"\u00bfOVNIS en Olavarr\u00eda? \u201cSalimos y era un platillo volador con luces giratorias\u201d"},"content":{"rendered":"<p>Vecinos de la ciudad vieron en el cielo de la ciudad un \u201cplato volador, sin lugar a dudas\u201d. Desde ODEO confirmaron la hip\u00f3tesis. La otra posible explicaci\u00f3n: \u00bfsat\u00e9lites de Elon Musk?<!--more--><\/p>\n<hr \/>\n<p><strong><em>\u201cHace m\u00e1s o menos una hora estaba en mi casa normalmente como todos, cuando salimos y vimos un platillo volador con luces giratorias\u201d<\/em><\/strong> explic\u00f3 a Central de Noticias un vecino que, at\u00f3nito, admir\u00f3 esta imagen en el cielo. \u00bfPlatos voladores o sat\u00e9lites?<\/p>\n<p>&nbsp;<\/p>\n<p>La controversia gan\u00f3 terreno en redes sociales y tambi\u00e9n en especialistas: <strong>llam\u00f3 tanto la atenci\u00f3n, que los mensajes \u2013y las im\u00e1genes- no tardaron en darse a conocer.<\/strong> Incluso en ciudades como Azul y toda la regi\u00f3n tambi\u00e9n se hicieron eco de este particular hecho.<\/p>\n<p>&nbsp;<\/p>\n<p><em>\u201cLes mando pruebas, se vio m\u00e1s claro imposible\u201d<\/em> indicaron a este medio.<strong> Las fotos muestran una \u201chilera de luces\u201d que cruzaron los cielos durante la noche. Desde la Organizaci\u00f3n de Estudios Ovniol\u00f3gicos (ODEO) no dudaron en se\u00f1alar que se trat\u00f3 efectivamente de un Objeto Volador No Identificado (OVNI).<\/strong><\/p>\n<p>&nbsp;<\/p>\n<p><img data-recalc-dims=\"1\" loading=\"lazy\" decoding=\"async\" class=\"alignnone size-full wp-image-43431\" src=\"https:\/\/i0.wp.com\/cdnoticias.com\/wp-content\/uploads\/2022\/01\/ovni1.jpg?resize=720%2C401&#038;ssl=1\" alt=\"\" width=\"720\" height=\"401\" srcset=\"https:\/\/i0.wp.com\/cdnoticias.com\/wp-content\/uploads\/2022\/01\/ovni1.jpg?w=720&amp;ssl=1 720w, https:\/\/i0.wp.com\/cdnoticias.com\/wp-content\/uploads\/2022\/01\/ovni1.jpg?resize=300%2C167&amp;ssl=1 300w\" sizes=\"auto, (max-width: 720px) 100vw, 720px\" \/><\/p>\n<p>&nbsp;<\/p>\n<blockquote><p>En Central Radio (FM Sapiens 102.7), pasadas las 15:30 horas, hablaremos con Daniel Fern\u00e1ndez, integrante de ODEO, para que explique las razones por las cuales consideran que se trat\u00f3 de un OVNI.<\/p><\/blockquote>\n<p>&nbsp;<\/p>\n<p>Adem\u00e1s, esta situaci\u00f3n tambi\u00e9n se corrobor\u00f3 en el sur del pa\u00eds y otros puntos de Chile, por ejemplo.<\/p>\n<p>&nbsp;<\/p>\n<blockquote class=\"twitter-tweet\">\n<p dir=\"ltr\" lang=\"es\">Esto reci\u00e9n pas\u00f3 por Villa La Angostura. No era un avi\u00f3n. Puede ser un satelite, pero iba demasiado cerca. Expertos en cielos? <a href=\"https:\/\/twitter.com\/majogm?ref_src=twsrc%5Etfw\">@majogm<\/a> <a href=\"https:\/\/t.co\/OsH3dCA11k\">pic.twitter.com\/OsH3dCA11k<\/a><\/p>\n<p>\u2014 Mariano (@mscagliarini) <a href=\"https:\/\/twitter.com\/mscagliarini\/status\/1479266336958152706?ref_src=twsrc%5Etfw\">January 7, 2022<\/a><\/p><\/blockquote>\n<p><script async src=\"https:\/\/platform.twitter.com\/widgets.js\" charset=\"utf-8\"><\/script><\/p>\n<p>&nbsp;<\/p>\n<p><span style=\"text-decoration: underline;\"><strong>Elon Musk, \u00bfimplicado?<\/strong><\/span><\/p>\n<p>&nbsp;<\/p>\n<p>La otra versi\u00f3n de los hechos registrados en la noche del jueves es que<strong> se trat\u00f3 de la red de sat\u00e9lites de Starlink, de la firma SpaceX, propiedad del millonario sudafricano Elon Musk.<\/strong><\/p>\n<p>&nbsp;<\/p>\n<blockquote><p>El proyecto busca proveer de conexi\u00f3n a Internet en cualquier parte del mundo y comenz\u00f3 en mayo de 2009. Desde aquel momento, Starlink lanza tandas de m\u00faltiples cantidades de sat\u00e9lites al espacio. Ayer a la noche SpaceX confirm\u00f3 el despliegue de 48 Starlinks.<\/p><\/blockquote>\n<p>&nbsp;<\/p>\n<p>Estos sat\u00e9lites tienen grandes paneles solares que, al estar orientados al sol, hacen que reflejen su luz y en la noche se vean como un tren de estrellas.<\/p>\n","protected":false},"excerpt":{"rendered":"<p>Vecinos de la ciudad vieron en el cielo de la ciudad un \u201cplato volador, sin lugar a dudas\u201d. Desde ODEO<\/p>\n","protected":false},"author":2,"featured_media":43432,"comment_status":"closed","ping_status":"closed","sticky":false,"template":"","format":"standard","meta":{"_jetpack_memberships_contains_paid_content":false,"footnotes":""},"categories":[5,1],"tags":[],"class_list":["post-43430","post","type-post","status-publish","format-standard","has-post-thumbnail","hentry","category-informacion-general","category-portada"],"jetpack_featured_media_url":"https:\/\/i0.wp.com\/cdnoticias.com\/wp-content\/uploads\/2022\/01\/ovni2.jpg?fit=1134%2C630&ssl=1","jetpack_sharing_enabled":true,"_links":{"self":[{"href":"https:\/\/cdnoticias.com\/index.php\/wp-json\/wp\/v2\/posts\/43430","targetHints":{"allow":["GET"]}}],"collection":[{"href":"https:\/\/cdnoticias.com\/index.php\/wp-json\/wp\/v2\/posts"}],"about":[{"href":"https:\/\/cdnoticias.com\/index.php\/wp-json\/wp\/v2\/types\/post"}],"author":[{"embeddable":true,"href":"https:\/\/cdnoticias.com\/index.php\/wp-json\/wp\/v2\/users\/2"}],"replies":[{"embeddable":true,"href":"https:\/\/cdnoticias.com\/index.php\/wp-json\/wp\/v2\/comments?post=43430"}],"version-history":[{"count":0,"href":"https:\/\/cdnoticias.com\/index.php\/wp-json\/wp\/v2\/posts\/43430\/revisions"}],"wp:featuredmedia":[{"embeddable":true,"href":"https:\/\/cdnoticias.com\/index.php\/wp-json\/wp\/v2\/media\/43432"}],"wp:attachment":[{"href":"https:\/\/cdnoticias.com\/index.php\/wp-json\/wp\/v2\/media?parent=43430"}],"wp:term":[{"taxonomy":"category","embeddable":true,"href":"https:\/\/cdnoticias.com\/index.php\/wp-json\/wp\/v2\/categories?post=43430"},{"taxonomy":"post_tag","embeddable":true,"href":"https:\/\/cdnoticias.com\/index.php\/wp-json\/wp\/v2\/tags?post=43430"}],"curies":[{"name":"wp","href":"https:\/\/api.w.org\/{rel}","templated":true}]}}