{"id":43428,"date":"2022-01-07T11:38:26","date_gmt":"2022-01-07T14:38:26","guid":{"rendered":"https:\/\/www.centraldenoticias.com.ar\/?p=43428"},"modified":"2022-01-07T11:38:26","modified_gmt":"2022-01-07T14:38:26","slug":"diputados-analizan-al-proyecto-de-ley-agroindustrial","status":"publish","type":"post","link":"https:\/\/cdnoticias.com\/index.php\/2022\/01\/07\/diputados-analizan-al-proyecto-de-ley-agroindustrial\/","title":{"rendered":"Diputados analizan al proyecto de Ley Agroindustrial"},"content":{"rendered":"<p>Legisladores de distintos bloques pol\u00edticos hablaron la iniciativa que busca crear el \u201cR\u00e9gimen de Fomento al Desarrollo Agroindustrial Federal, Inclusivo, Sustentable y Exportador\u201d. <!--more--><\/p>\n<hr \/>\n<p>Enero no frena el trabajo legislativo en la C\u00e1mara de Diputados de la Naci\u00f3n y es por ello que <strong>legisladores de distintos bloques pol\u00edticos hablaron sobre los proyectos de la agenda parlamentaria y expresaron sus opiniones sobre la iniciativa que busca crear el \u201cR\u00e9gimen de Fomento al Desarrollo Agroindustrial Federal, Inclusivo, Sustentable y Exportador\u201d.<\/strong><\/p>\n<p>&nbsp;<\/p>\n<p>Por un lado,<strong> Eduardo Fern\u00e1ndez, del Frente de Todos<\/strong>, consider\u00f3 que la medida podr\u00eda <em>\u201ccontemplar m\u00e1s espec\u00edficamente a los peque\u00f1os productores y a las econom\u00edas regionales\u201d,<\/em> pero, a su vez, agreg\u00f3:<em> \u201cAunque el total del proyecto no solamente aumentar\u00eda exportaciones, sino transformar\u00edamos el producto original, que es una de las misiones\u201d.<\/em><\/p>\n<p>&nbsp;<\/p>\n<p><iframe loading=\"lazy\" title=\"YouTube video player\" src=\"https:\/\/www.youtube.com\/embed\/oDDrdcw46Qk\" width=\"560\" height=\"315\" frameborder=\"0\" allowfullscreen=\"allowfullscreen\"><\/iframe><\/p>\n<p>&nbsp;<\/p>\n<p><strong>Jorge Vara del Bloque UCR<\/strong>, por su parte, asegur\u00f3: <em>\u201cEl proyecto de ley agroindustrial tiene cosas que suman pero tambi\u00e9n algunas que deja de lado como el plan que hace a las condiciones y previsibilidad en las retenciones y a la carga impositiva en general\u201d.<\/em><\/p>\n<p>&nbsp;<\/p>\n<p><iframe loading=\"lazy\" title=\"YouTube video player\" src=\"https:\/\/www.youtube.com\/embed\/NquSyb0ffTY\" width=\"560\" height=\"315\" frameborder=\"0\" allowfullscreen=\"allowfullscreen\"><\/iframe><\/p>\n<p>&nbsp;<\/p>\n<p>La iniciativa tiene el objetivo de<strong><em> \u201cincrementar la producci\u00f3n agropecuaria, las exportaciones y conservar el capital natural del suelo en el marco de las buenas pr\u00e1cticas y las medidas de adaptaci\u00f3n al cambio clim\u00e1tico\u201d<\/em><\/strong>, asegura en el texto presentado por el Poder Ejecutivo.<\/p>\n","protected":false},"excerpt":{"rendered":"<p>Legisladores de distintos bloques pol\u00edticos hablaron la iniciativa que busca crear el \u201cR\u00e9gimen de Fomento al Desarrollo Agroindustrial Federal, Inclusivo,<\/p>\n","protected":false},"author":2,"featured_media":43429,"comment_status":"closed","ping_status":"closed","sticky":false,"template":"","format":"standard","meta":{"_jetpack_memberships_contains_paid_content":false,"footnotes":""},"categories":[6],"tags":[],"class_list":["post-43428","post","type-post","status-publish","format-standard","has-post-thumbnail","hentry","category-nacionales"],"jetpack_featured_media_url":"https:\/\/i0.wp.com\/cdnoticias.com\/wp-content\/uploads\/2022\/01\/soja-carro-2-1-196075.webp?fit=620%2C375&ssl=1","jetpack_sharing_enabled":true,"_links":{"self":[{"href":"https:\/\/cdnoticias.com\/index.php\/wp-json\/wp\/v2\/posts\/43428","targetHints":{"allow":["GET"]}}],"collection":[{"href":"https:\/\/cdnoticias.com\/index.php\/wp-json\/wp\/v2\/posts"}],"about":[{"href":"https:\/\/cdnoticias.com\/index.php\/wp-json\/wp\/v2\/types\/post"}],"author":[{"embeddable":true,"href":"https:\/\/cdnoticias.com\/index.php\/wp-json\/wp\/v2\/users\/2"}],"replies":[{"embeddable":true,"href":"https:\/\/cdnoticias.com\/index.php\/wp-json\/wp\/v2\/comments?post=43428"}],"version-history":[{"count":0,"href":"https:\/\/cdnoticias.com\/index.php\/wp-json\/wp\/v2\/posts\/43428\/revisions"}],"wp:featuredmedia":[{"embeddable":true,"href":"https:\/\/cdnoticias.com\/index.php\/wp-json\/wp\/v2\/media\/43429"}],"wp:attachment":[{"href":"https:\/\/cdnoticias.com\/index.php\/wp-json\/wp\/v2\/media?parent=43428"}],"wp:term":[{"taxonomy":"category","embeddable":true,"href":"https:\/\/cdnoticias.com\/index.php\/wp-json\/wp\/v2\/categories?post=43428"},{"taxonomy":"post_tag","embeddable":true,"href":"https:\/\/cdnoticias.com\/index.php\/wp-json\/wp\/v2\/tags?post=43428"}],"curies":[{"name":"wp","href":"https:\/\/api.w.org\/{rel}","templated":true}]}}