{"id":43424,"date":"2022-01-07T10:24:20","date_gmt":"2022-01-07T13:24:20","guid":{"rendered":"https:\/\/www.centraldenoticias.com.ar\/?p=43424"},"modified":"2022-01-07T10:24:20","modified_gmt":"2022-01-07T13:24:20","slug":"por-la-situacion-sanitaria-pami-vuelve-a-la-atencion-solo-por-turnos","status":"publish","type":"post","link":"https:\/\/cdnoticias.com\/index.php\/2022\/01\/07\/por-la-situacion-sanitaria-pami-vuelve-a-la-atencion-solo-por-turnos\/","title":{"rendered":"Por la situaci\u00f3n sanitaria, PAMI vuelve a la atenci\u00f3n solo por turnos"},"content":{"rendered":"<p>As\u00ed fue informado por la entidad en la ma\u00f1ana de este viernes. C\u00f3mo realizar el tr\u00e1mite para ser atendidos.<!--more--><\/p>\n<hr \/>\n<p>Este viernes, y debido a un contexto general de suba de casos de COVID, <strong>desde PAMI se inform\u00f3 que por el momento se atender\u00e1 s\u00f3lo por el sistema de turnos, que podr\u00e1n sacarse en la p\u00e1gina web de la entidad.<\/strong><\/p>\n<p>&nbsp;<\/p>\n<blockquote><p>Para aquellos interesados en acudir a PAMI deber\u00e1n sacar turno en www.pami.org.ar<\/p><\/blockquote>\n<p>&nbsp;<\/p>\n<p>Por consultas podr\u00e1n comunicarse al <strong>WhatsApp de PAMI central 11-43703138 o llamar al 422318 (agencia Olavarr\u00eda).<\/strong><\/p>\n<p>&nbsp;<\/p>\n<p>Se aclar\u00f3 que <strong>quedan exceptuados para sacar turno y podr\u00e1n concurrir sin el mismo<\/strong> \u00fanicamente aquellos que quieran realizar tr\u00e1mites oncol\u00f3gicos, derivaciones m\u00e9dicas, internaciones domiciliarias y oxienoterapia.<\/p>\n","protected":false},"excerpt":{"rendered":"<p>As\u00ed fue informado por la entidad en la ma\u00f1ana de este viernes. C\u00f3mo realizar el tr\u00e1mite para ser atendidos.<\/p>\n","protected":false},"author":2,"featured_media":3918,"comment_status":"closed","ping_status":"closed","sticky":false,"template":"","format":"standard","meta":{"_jetpack_memberships_contains_paid_content":false,"footnotes":""},"categories":[16,1],"tags":[],"class_list":["post-43424","post","type-post","status-publish","format-standard","has-post-thumbnail","hentry","category-covid-19","category-portada"],"jetpack_featured_media_url":"https:\/\/i0.wp.com\/cdnoticias.com\/wp-content\/uploads\/2020\/10\/pami-general.jpg?fit=800%2C531&ssl=1","jetpack_sharing_enabled":true,"_links":{"self":[{"href":"https:\/\/cdnoticias.com\/index.php\/wp-json\/wp\/v2\/posts\/43424","targetHints":{"allow":["GET"]}}],"collection":[{"href":"https:\/\/cdnoticias.com\/index.php\/wp-json\/wp\/v2\/posts"}],"about":[{"href":"https:\/\/cdnoticias.com\/index.php\/wp-json\/wp\/v2\/types\/post"}],"author":[{"embeddable":true,"href":"https:\/\/cdnoticias.com\/index.php\/wp-json\/wp\/v2\/users\/2"}],"replies":[{"embeddable":true,"href":"https:\/\/cdnoticias.com\/index.php\/wp-json\/wp\/v2\/comments?post=43424"}],"version-history":[{"count":0,"href":"https:\/\/cdnoticias.com\/index.php\/wp-json\/wp\/v2\/posts\/43424\/revisions"}],"wp:featuredmedia":[{"embeddable":true,"href":"https:\/\/cdnoticias.com\/index.php\/wp-json\/wp\/v2\/media\/3918"}],"wp:attachment":[{"href":"https:\/\/cdnoticias.com\/index.php\/wp-json\/wp\/v2\/media?parent=43424"}],"wp:term":[{"taxonomy":"category","embeddable":true,"href":"https:\/\/cdnoticias.com\/index.php\/wp-json\/wp\/v2\/categories?post=43424"},{"taxonomy":"post_tag","embeddable":true,"href":"https:\/\/cdnoticias.com\/index.php\/wp-json\/wp\/v2\/tags?post=43424"}],"curies":[{"name":"wp","href":"https:\/\/api.w.org\/{rel}","templated":true}]}}