{"id":43419,"date":"2022-01-07T09:43:52","date_gmt":"2022-01-07T12:43:52","guid":{"rendered":"https:\/\/www.centraldenoticias.com.ar\/?p=43419"},"modified":"2022-01-07T09:43:52","modified_gmt":"2022-01-07T12:43:52","slug":"la-campana-de-vacunacion-volvio-a-recalde-y-blanca-grande","status":"publish","type":"post","link":"https:\/\/cdnoticias.com\/index.php\/2022\/01\/07\/la-campana-de-vacunacion-volvio-a-recalde-y-blanca-grande\/","title":{"rendered":"La Campa\u00f1a de Vacunaci\u00f3n volvi\u00f3 a Recalde y Blanca Grande"},"content":{"rendered":"<p>En las localidades se vacunaron 116 personas. Este jueves se aplicaron m\u00e1s de 1.700 dosis.<\/p>\n<p><!--more--><\/p>\n<hr \/>\n<p><strong>La Campa\u00f1a de Vacunaci\u00f3n alcanz\u00f3 este jueves a m\u00e1s de 1.700 personas<\/strong> en Olavarr\u00eda.<\/p>\n<p>&nbsp;<\/p>\n<p>Desde la <strong>Regi\u00f3n Sanitaria IX<\/strong> se indic\u00f3 que parte del equipo de las postas sanitarias se traslad\u00f3 a<strong> las localidades de Recalde y Blanca Grande<\/strong> donde se vacun\u00f3 a 37 ni\u00f1as y ni\u00f1os con primeras y segundas dosis y 65 adultos fueron inoculados con tercer componente sobre <strong>un total de 116 aplicaciones<\/strong>.<\/p>\n<p>&nbsp;<\/p>\n<p>Tambi\u00e9n en la jornada del jueves se aplicaron 59 vacunas contra el Covid-19 a ni\u00f1os y ni\u00f1as de 3 a 17 a\u00f1os, y 1351 terceras dosis sobre <strong>un total de 1599 aplicaciones<\/strong> distribuidas de la siguiente manera: en la <strong>Facultad de Ciencias de la Salud<\/strong> se inocularon 318 personas, en el <strong>Servicio Territorial N\u00b02<\/strong> se aplicaron 518 dosis, y en el <strong>Centro Cultural Universitario<\/strong> fueron vacunados 763 vecinos y vecinas.<\/p>\n<p>&nbsp;<\/p>\n<p><img data-recalc-dims=\"1\" loading=\"lazy\" decoding=\"async\" class=\"alignnone size-full wp-image-43421\" src=\"https:\/\/i0.wp.com\/cdnoticias.com\/wp-content\/uploads\/2022\/01\/vacunacion-covid-01.jpg?resize=800%2C445&#038;ssl=1\" alt=\"\" width=\"800\" height=\"445\" srcset=\"https:\/\/i0.wp.com\/cdnoticias.com\/wp-content\/uploads\/2022\/01\/vacunacion-covid-01.jpg?w=800&amp;ssl=1 800w, https:\/\/i0.wp.com\/cdnoticias.com\/wp-content\/uploads\/2022\/01\/vacunacion-covid-01.jpg?resize=300%2C167&amp;ssl=1 300w, https:\/\/i0.wp.com\/cdnoticias.com\/wp-content\/uploads\/2022\/01\/vacunacion-covid-01.jpg?resize=768%2C427&amp;ssl=1 768w\" sizes=\"auto, (max-width: 800px) 100vw, 800px\" \/><\/p>\n<p>&nbsp;<\/p>\n<p>Se record\u00f3 que se desarrolla la <strong>vacunaci\u00f3n libre de primeras y segundas dosis<\/strong> para mayores de 3 a\u00f1os, ya sean argentinas, argentinos y turistas extranjeros, en todas las postas sanitarias de la Provincia y hay <strong>vacunaci\u00f3n libre de terceras dosis<\/strong> para mayores de 60 a\u00f1os e inmunodeprimidos.<\/p>\n<p>&nbsp;<\/p>\n<p>A la par, contin\u00faan las actividades preventivas en el <strong>Centro Provincial de Testeos<\/strong> que funciona en el gimnasio del Club El Fort\u00edn (Pellegrini y Hornos, acceso por calle Hornos), de lunes a viernes de 7 a 12 hs.<\/p>\n<p>&nbsp;<\/p>\n<p>Cualquier duda o consulta, podr\u00e1n acercarse a cualquiera de las tres postas: Servicio Territorial N\u00b02, Av. Alberdi 2543, de 8 a 18 hs; Facultad de Ciencias de la Salud, Merlo entre Av. Pringles y 9 de Julio, de 8 a 18 hs.; y en el Centro Cultural Universitario, San Mart\u00edn 1955, de 8 a 18 hs.<\/p>\n<p>&nbsp;<\/p>\n<p>Por \u00faltimo, se informa que ya rige el Pase Libre con Vacuna en la provincia de Buenos Aires. Los responsables de actividades con alta concurrencia deber\u00e1n solicitar el certificado de vacunaci\u00f3n. Es el requisito de al menos dos dosis de la vacuna contra el Covid-19 que es necesario presentar si ten\u00e9s mas de 13 a\u00f1os para poder asistir a algunas actividades en la provincia de Buenos Aires que pueden presentar mayor riesgo epidemiol\u00f3gico. No obstante, hasta el 28 de febrero si una persona tiene la primera dosis y no se cumpli\u00f3 el tiempo m\u00ednimo interdosis (seis semanas), tambi\u00e9n puede acreditar el pase libre.<\/p>\n<p>&nbsp;<\/p>\n<p>Los que residan en la provincia de Buenos Aires podr\u00e1n acreditar las dosis de las vacunas con el carnet en cart\u00f3n o tarjeta, en el portal mi.argentina.gob.ar y en las app VacunatePBA, MiArgentina y Cuidar.<\/p>\n","protected":false},"excerpt":{"rendered":"<p>En las localidades se vacunaron 116 personas. Este jueves se aplicaron m\u00e1s de 1.700 dosis.<\/p>\n","protected":false},"author":4,"featured_media":43422,"comment_status":"closed","ping_status":"closed","sticky":false,"template":"","format":"standard","meta":{"_jetpack_memberships_contains_paid_content":false,"footnotes":""},"categories":[16,1],"tags":[],"class_list":["post-43419","post","type-post","status-publish","format-standard","has-post-thumbnail","hentry","category-covid-19","category-portada"],"jetpack_featured_media_url":"https:\/\/i0.wp.com\/cdnoticias.com\/wp-content\/uploads\/2022\/01\/vacunacion-covid-02.jpg?fit=957%2C532&ssl=1","jetpack_sharing_enabled":true,"_links":{"self":[{"href":"https:\/\/cdnoticias.com\/index.php\/wp-json\/wp\/v2\/posts\/43419","targetHints":{"allow":["GET"]}}],"collection":[{"href":"https:\/\/cdnoticias.com\/index.php\/wp-json\/wp\/v2\/posts"}],"about":[{"href":"https:\/\/cdnoticias.com\/index.php\/wp-json\/wp\/v2\/types\/post"}],"author":[{"embeddable":true,"href":"https:\/\/cdnoticias.com\/index.php\/wp-json\/wp\/v2\/users\/4"}],"replies":[{"embeddable":true,"href":"https:\/\/cdnoticias.com\/index.php\/wp-json\/wp\/v2\/comments?post=43419"}],"version-history":[{"count":0,"href":"https:\/\/cdnoticias.com\/index.php\/wp-json\/wp\/v2\/posts\/43419\/revisions"}],"wp:featuredmedia":[{"embeddable":true,"href":"https:\/\/cdnoticias.com\/index.php\/wp-json\/wp\/v2\/media\/43422"}],"wp:attachment":[{"href":"https:\/\/cdnoticias.com\/index.php\/wp-json\/wp\/v2\/media?parent=43419"}],"wp:term":[{"taxonomy":"category","embeddable":true,"href":"https:\/\/cdnoticias.com\/index.php\/wp-json\/wp\/v2\/categories?post=43419"},{"taxonomy":"post_tag","embeddable":true,"href":"https:\/\/cdnoticias.com\/index.php\/wp-json\/wp\/v2\/tags?post=43419"}],"curies":[{"name":"wp","href":"https:\/\/api.w.org\/{rel}","templated":true}]}}