{"id":43401,"date":"2022-01-06T18:59:41","date_gmt":"2022-01-06T21:59:41","guid":{"rendered":"https:\/\/www.centraldenoticias.com.ar\/?p=43401"},"modified":"2022-01-06T18:59:41","modified_gmt":"2022-01-06T21:59:41","slug":"alicia-angelica-cepeda-de-izarriaga-q-e-p-d","status":"publish","type":"post","link":"https:\/\/cdnoticias.com\/index.php\/2022\/01\/06\/alicia-angelica-cepeda-de-izarriaga-q-e-p-d\/","title":{"rendered":"Alicia Ang\u00e9lica Cepeda de Izarriaga (Q.E.P.D.)"},"content":{"rendered":"<p>Falleci\u00f3 en Olavarr\u00eda el d\u00eda 6 de enero a los 74 a\u00f1os de edad. Su esposo Oscar Izarriaga; sus hijos Gerardo y Luciano Izarriaga; sus hijas pol\u00edticas Marcela Berazategui; sus nietos Marianela, Facundo, Agust\u00edn y Ludmila Izarriaga; sus nietos pol\u00edticos Emmanuel; sus hermanos; sus hermanos pol\u00edticos; sus sobrinos y dem\u00e1s deudos participan su fallecimiento.<\/p>\n<p>&nbsp;<\/p>\n<p>Sus restos ser\u00e1n velados en Espa\u00f1a 2942 departamento &#8220;B&#8221; (el velatorio se realizar\u00e1 \u00e9ste viernes de 7 a 10) y ser\u00e1n cremados en Crematorio Pinos de Paz en d\u00eda y horario a confirmar, previo responso en la capilla ardiente. Vecina de Barrio Belgrano, ex vecina de San Jorge. Nacida en Olavarr\u00eda. Jubilada.<\/p>\n","protected":false},"excerpt":{"rendered":"<p>Falleci\u00f3 en Olavarr\u00eda el d\u00eda 6 de enero a los 74 a\u00f1os de edad. Su esposo Oscar Izarriaga; sus hijos<\/p>\n","protected":false},"author":5,"featured_media":0,"comment_status":"closed","ping_status":"closed","sticky":false,"template":"","format":"standard","meta":{"_jetpack_memberships_contains_paid_content":false,"footnotes":""},"categories":[10],"tags":[],"class_list":["post-43401","post","type-post","status-publish","format-standard","hentry","category-necrologicas"],"jetpack_featured_media_url":"","jetpack_sharing_enabled":true,"_links":{"self":[{"href":"https:\/\/cdnoticias.com\/index.php\/wp-json\/wp\/v2\/posts\/43401","targetHints":{"allow":["GET"]}}],"collection":[{"href":"https:\/\/cdnoticias.com\/index.php\/wp-json\/wp\/v2\/posts"}],"about":[{"href":"https:\/\/cdnoticias.com\/index.php\/wp-json\/wp\/v2\/types\/post"}],"author":[{"embeddable":true,"href":"https:\/\/cdnoticias.com\/index.php\/wp-json\/wp\/v2\/users\/5"}],"replies":[{"embeddable":true,"href":"https:\/\/cdnoticias.com\/index.php\/wp-json\/wp\/v2\/comments?post=43401"}],"version-history":[{"count":0,"href":"https:\/\/cdnoticias.com\/index.php\/wp-json\/wp\/v2\/posts\/43401\/revisions"}],"wp:attachment":[{"href":"https:\/\/cdnoticias.com\/index.php\/wp-json\/wp\/v2\/media?parent=43401"}],"wp:term":[{"taxonomy":"category","embeddable":true,"href":"https:\/\/cdnoticias.com\/index.php\/wp-json\/wp\/v2\/categories?post=43401"},{"taxonomy":"post_tag","embeddable":true,"href":"https:\/\/cdnoticias.com\/index.php\/wp-json\/wp\/v2\/tags?post=43401"}],"curies":[{"name":"wp","href":"https:\/\/api.w.org\/{rel}","templated":true}]}}