{"id":43400,"date":"2022-01-06T20:41:43","date_gmt":"2022-01-06T23:41:43","guid":{"rendered":"https:\/\/www.centraldenoticias.com.ar\/?p=43400"},"modified":"2022-01-06T20:41:43","modified_gmt":"2022-01-06T23:41:43","slug":"ramiro-borzi-hemos-puesto-un-tope-de-450-testeos-diarios","status":"publish","type":"post","link":"https:\/\/cdnoticias.com\/index.php\/2022\/01\/06\/ramiro-borzi-hemos-puesto-un-tope-de-450-testeos-diarios\/","title":{"rendered":"Ramiro Borzi: \u201cHemos puesto un tope de 450 testeos diarios\u201d"},"content":{"rendered":"<p>El director de Regi\u00f3n Sanitaria IX habl\u00f3 con Central Radio sobre la alta demanda de hisopados. \u201cHasta ah\u00ed es donde podemos llegar nosotros\u201d, a\u00f1adi\u00f3.<!--more--><\/p>\n<hr \/>\n<p><strong>El abultado incremento de casos de Coronavirus no se detiene<\/strong>. Argentina marc\u00f3 este jueves un r\u00e9cord de casos diarios al superar por primera vez los 100 mil contagios y en ese marco Olavarr\u00eda y la regi\u00f3n lejos est\u00e1n de ser la excepci\u00f3n. Fue por ello que en <em><strong>Central Radio, que se emite de lunes a viernes de 15 a 17 por Radio Sapiens (FM 102.7)<\/strong><\/em>, dialogamos en vivo con el licenciado Ramiro Borzi, director de Regi\u00f3n Sanitaria IX.<\/p>\n<p>&nbsp;<\/p>\n<p><strong>\u201cEste momento es el pico m\u00e1ximo de la pandemia en cuanto al n\u00famero de contagiados activos\u201d<\/strong>, expres\u00f3 el funcionario olavarriense, quien agreg\u00f3 que <strong>\u201cse super\u00f3 por m\u00e1s de mil contagiados lo que fue el pico de la segunda ola, que tuvimos en su momento en toda la regi\u00f3n sanitaria 3150 casos, y hoy son 4,258\u201d<\/strong>, se\u00f1al\u00f3 a medida que aclaraba que ese dato se va actualizando cada vez con mayor frecuencia.<\/p>\n<p>&nbsp;<\/p>\n<p><iframe id=\"audio_80549023\" style=\"width: 100%;\" src=\"https:\/\/ar.ivoox.com\/es\/player_ej_80549023_6_1.html\" height=\"200\" frameborder=\"0\" scrolling=\"no\" allowfullscreen=\"allowfullscreen\"><\/iframe><\/p>\n<p>&nbsp;<\/p>\n<p>Tal es as\u00ed que se narr\u00f3 que \u201ctenemos reportes actualizados cada 4 horas, cuando hace 2 meses actualiz\u00e1bamos reportes de toda la Regi\u00f3n Sanitaria cada tres d\u00edas, ese es el cambio tan acelerado que estamos viendo. Nosotros <strong>tuvimos un piso de 7 casos activos en todas las regi\u00f3n sanitaria, y estamos hablando de hace menos de 2 meses. Siete de las ciudades no ten\u00edan casos activos<\/strong>\u201d, grafic\u00f3.<\/p>\n<p>&nbsp;<\/p>\n<p>No obstante, tal como se ha enfatizado desde diversos sectores, el aspecto positivo de toda esta compleja situaci\u00f3n es que este incremento de casos no tiene su correlato, afortunadamente, en la ocupaci\u00f3n de camas en centros de salud. <strong>\u201cEn cuanto el n\u00famero de casos activos es contundente como aumento, no es as\u00ed el n\u00famero de internaciones, esa la gran diferencia que tenemos con lo que fue la segunda ola\u201d<\/strong>, explic\u00f3.<\/p>\n<p>&nbsp;<\/p>\n<p><img data-recalc-dims=\"1\" loading=\"lazy\" decoding=\"async\" class=\"alignnone size-full wp-image-36925\" src=\"https:\/\/i0.wp.com\/cdnoticias.com\/wp-content\/uploads\/2021\/10\/vacunacion-itinerante-borzi-00.jpg?resize=800%2C445&#038;ssl=1\" alt=\"\" width=\"800\" height=\"445\" srcset=\"https:\/\/i0.wp.com\/cdnoticias.com\/wp-content\/uploads\/2021\/10\/vacunacion-itinerante-borzi-00.jpg?w=800&amp;ssl=1 800w, https:\/\/i0.wp.com\/cdnoticias.com\/wp-content\/uploads\/2021\/10\/vacunacion-itinerante-borzi-00.jpg?resize=300%2C167&amp;ssl=1 300w, https:\/\/i0.wp.com\/cdnoticias.com\/wp-content\/uploads\/2021\/10\/vacunacion-itinerante-borzi-00.jpg?resize=768%2C427&amp;ssl=1 768w\" sizes=\"auto, (max-width: 800px) 100vw, 800px\" \/><\/p>\n<p>&nbsp;<\/p>\n<p><strong>\u201cNo de forma tan acelerada\u201d<\/strong>, reconoci\u00f3 cuando se le consult\u00f3 si esperaba que sea tan marcado el aumento de casos. <strong>\u201cTenemos la hip\u00f3tesis de que esta circulando la variante \u00d3micron<\/strong>, no est\u00e1 confirmado por laboratorio, pero la realidad epidemiol\u00f3gica nos indica que tenemos que tener en cuenta que puede estar, seguramente est\u00e1 circulando y por eso se ha acelerado tanto el contagio\u201d, detall\u00f3.<\/p>\n<p>&nbsp;<\/p>\n<p>Sin lugar a dudas otro de los datos que sobresale y que explica la cantidad de contagios es la positividad de los testeos que<strong> \u201cen toda la Regi\u00f3n Sanitaria est\u00e1 en el orden del 50%\u201d<\/strong>. \u201cTenemos muchos m\u00e1s casos activos de los que estamos alcanzando diagnosticar\u201d, complet\u00f3. Sin embargo, insisti\u00f3 que \u201cno tenemos pr\u00e1cticamente ocupaci\u00f3n de camas hospitalarias y mucho menos ocupaci\u00f3n de camas de terapia intensiva. No hay por ahora un temor a que se sature en nuestro sistema de salud\u201d.<\/p>\n<p>&nbsp;<\/p>\n<p><em><strong>Testeos<\/strong><\/em><\/p>\n<p>&nbsp;<\/p>\n<p>La imagen de los \u00faltimos d\u00edas han sido las filas eternas en torno a los centros de testeos, tanto frente al Hospital Municipal como el Centro de Testeos que Regi\u00f3n Sanitaria dispuso en el predio que el club El Fort\u00edn posee sobre avenida Pellegrini y Hornos. La situaci\u00f3n se repite en todo el pa\u00eds y en eso se explica la medida tomada desde el Ministerio de Seguridad de no hisopar contactos estrechos. Ramiro Borzi expres\u00f3 que medidas de esa \u00edndole ya se vienen aplicando, <strong>\u201cante tanta demanda priorizamos gente con s\u00edntomas\u201d<\/strong>, expres\u00f3.<\/p>\n<p>&nbsp;<\/p>\n<p>\u201cEs positivo que la gente quiera ir al diagn\u00f3stico temprano. Pero ante tanta demanda tenemos que ver bien qui\u00e9n atendemos\u201d, agreg\u00f3 y revel\u00f3 que<strong> \u201chemos puesto un tope de 450 testeos, porque operativamente podemos llevar adelante eso<\/strong>. Hoy se excedi\u00f3 un poco porque a veces hay personas priorizadas, por su situaci\u00f3n previa de salud o porque est\u00e1n embarazadas o por alguna cuesti\u00f3n particular excedimos un poquito eso\u201d.<\/p>\n<p>&nbsp;<\/p>\n<p><img data-recalc-dims=\"1\" loading=\"lazy\" decoding=\"async\" class=\"alignnone size-full wp-image-42974\" src=\"https:\/\/i0.wp.com\/cdnoticias.com\/wp-content\/uploads\/2022\/01\/hisopado-testeos-region-sanitaria-covid19-03.jpg?resize=800%2C445&#038;ssl=1\" alt=\"\" width=\"800\" height=\"445\" srcset=\"https:\/\/i0.wp.com\/cdnoticias.com\/wp-content\/uploads\/2022\/01\/hisopado-testeos-region-sanitaria-covid19-03.jpg?w=800&amp;ssl=1 800w, https:\/\/i0.wp.com\/cdnoticias.com\/wp-content\/uploads\/2022\/01\/hisopado-testeos-region-sanitaria-covid19-03.jpg?resize=300%2C167&amp;ssl=1 300w, https:\/\/i0.wp.com\/cdnoticias.com\/wp-content\/uploads\/2022\/01\/hisopado-testeos-region-sanitaria-covid19-03.jpg?resize=768%2C427&amp;ssl=1 768w\" sizes=\"auto, (max-width: 800px) 100vw, 800px\" \/><\/p>\n<p>&nbsp;<\/p>\n<p>A la par, sin querer entrar en \u201ccontroversias\u201d tal como aclar\u00f3 en varias ocasiones, ratific\u00f3 que son necesarios la disposici\u00f3n de m\u00e1s sitios de testeos.<strong> \u201cSolicit\u00e9 esto a todos los gobiernos municipales\u201d<\/strong>, se\u00f1al\u00f3 a medida que ejemplificaba con Azul, que a\u00f1adi\u00f3 un sitio para este tipo de tareas.<\/p>\n<p>&nbsp;<\/p>\n<p>Por \u00faltimo, aprovecho la ocasi\u00f3n para <strong>\u201cpedirle a la gente que vaya con paciencia, porque la verdad que yo estuve ayer y los chicos no paran un segundo, realmente no paran un segundo\u201d<\/strong>.<\/p>\n<p>&nbsp;<\/p>\n","protected":false},"excerpt":{"rendered":"<p>El director de Regi\u00f3n Sanitaria IX habl\u00f3 con Central Radio sobre la alta demanda de hisopados. \u201cHasta ah\u00ed es donde<\/p>\n","protected":false},"author":2,"featured_media":36921,"comment_status":"closed","ping_status":"closed","sticky":false,"template":"","format":"standard","meta":{"_jetpack_memberships_contains_paid_content":false,"footnotes":""},"categories":[16,1],"tags":[],"class_list":["post-43400","post","type-post","status-publish","format-standard","has-post-thumbnail","hentry","category-covid-19","category-portada"],"jetpack_featured_media_url":"https:\/\/i0.wp.com\/cdnoticias.com\/wp-content\/uploads\/2021\/10\/vacunacion-itinerante-borzi-01.jpg?fit=800%2C445&ssl=1","jetpack_sharing_enabled":true,"_links":{"self":[{"href":"https:\/\/cdnoticias.com\/index.php\/wp-json\/wp\/v2\/posts\/43400","targetHints":{"allow":["GET"]}}],"collection":[{"href":"https:\/\/cdnoticias.com\/index.php\/wp-json\/wp\/v2\/posts"}],"about":[{"href":"https:\/\/cdnoticias.com\/index.php\/wp-json\/wp\/v2\/types\/post"}],"author":[{"embeddable":true,"href":"https:\/\/cdnoticias.com\/index.php\/wp-json\/wp\/v2\/users\/2"}],"replies":[{"embeddable":true,"href":"https:\/\/cdnoticias.com\/index.php\/wp-json\/wp\/v2\/comments?post=43400"}],"version-history":[{"count":0,"href":"https:\/\/cdnoticias.com\/index.php\/wp-json\/wp\/v2\/posts\/43400\/revisions"}],"wp:featuredmedia":[{"embeddable":true,"href":"https:\/\/cdnoticias.com\/index.php\/wp-json\/wp\/v2\/media\/36921"}],"wp:attachment":[{"href":"https:\/\/cdnoticias.com\/index.php\/wp-json\/wp\/v2\/media?parent=43400"}],"wp:term":[{"taxonomy":"category","embeddable":true,"href":"https:\/\/cdnoticias.com\/index.php\/wp-json\/wp\/v2\/categories?post=43400"},{"taxonomy":"post_tag","embeddable":true,"href":"https:\/\/cdnoticias.com\/index.php\/wp-json\/wp\/v2\/tags?post=43400"}],"curies":[{"name":"wp","href":"https:\/\/api.w.org\/{rel}","templated":true}]}}