{"id":43390,"date":"2022-01-06T18:59:55","date_gmt":"2022-01-06T21:59:55","guid":{"rendered":"https:\/\/www.centraldenoticias.com.ar\/?p=43390"},"modified":"2022-01-06T18:59:55","modified_gmt":"2022-01-06T21:59:55","slug":"por-primera-vez-argentina-supero-los-100-mil-casos-diarios-de-coronavirus","status":"publish","type":"post","link":"https:\/\/cdnoticias.com\/index.php\/2022\/01\/06\/por-primera-vez-argentina-supero-los-100-mil-casos-diarios-de-coronavirus\/","title":{"rendered":"Por primera vez Argentina super\u00f3 los 100 mil casos diarios de Coronavirus"},"content":{"rendered":"<p>Adem\u00e1s, se registraron 40 muertes. La cifra de contagios se duplic\u00f3 en una semana.<!--more--><\/p>\n<hr \/>\n<p><strong>Otras 40 personas murieron y 109.608 fueron reportadas con coronavirus en las \u00faltimas 24 horas en la Argentina<\/strong>, con lo que suman 117.386 los fallecidos registrados oficialmente a nivel nacional y 6.025.303 los contagiados desde el inicio de la pandemia, inform\u00f3 este jueves el Ministerio de Salud.<\/p>\n<p>&nbsp;<\/p>\n<p><strong>La cartera sanitaria indic\u00f3 que son 1.572 los internados con coronavirus en unidades de terapia intensiva<\/strong>, con un porcentaje de ocupaci\u00f3n de camas de adultos en el sector p\u00fablico y privado, para todas las patolog\u00edas, de 37,5% en el pa\u00eds y del 38,7% en el \u00c1rea Metropolitana Buenos Aires.<\/p>\n<p>&nbsp;<\/p>\n<p><img data-recalc-dims=\"1\" loading=\"lazy\" decoding=\"async\" class=\"alignnone wp-image-43393 size-full\" src=\"https:\/\/i0.wp.com\/cdnoticias.com\/wp-content\/uploads\/2022\/01\/WhatsApp-Image-2022-01-06-at-17.03.27.jpeg?resize=800%2C376&#038;ssl=1\" alt=\"\" width=\"800\" height=\"376\" srcset=\"https:\/\/i0.wp.com\/cdnoticias.com\/wp-content\/uploads\/2022\/01\/WhatsApp-Image-2022-01-06-at-17.03.27.jpeg?w=902&amp;ssl=1 902w, https:\/\/i0.wp.com\/cdnoticias.com\/wp-content\/uploads\/2022\/01\/WhatsApp-Image-2022-01-06-at-17.03.27.jpeg?resize=300%2C141&amp;ssl=1 300w, https:\/\/i0.wp.com\/cdnoticias.com\/wp-content\/uploads\/2022\/01\/WhatsApp-Image-2022-01-06-at-17.03.27.jpeg?resize=768%2C361&amp;ssl=1 768w\" sizes=\"auto, (max-width: 800px) 100vw, 800px\" \/><\/p>\n<p>&nbsp;<\/p>\n<p><strong>El parte precis\u00f3 que murieron 22 hombres; 9 en la provincia de Buenos Aires<\/strong>, 3 en la Ciudad de Buenos Aires, 1 en Catamarca, 1 en Mendoza, 1 en R\u00edo Negro, 5 en Salta y 1 en Tierra del Fuego.<\/p>\n<p>&nbsp;<\/p>\n<p><strong>El reporte indic\u00f3 que fallecieron 18 mujeres; 8 en la provincia de Buenos Aires<\/strong>, 3 en la Ciudad de Buenos Aires, 3 en C\u00f3rdoba, 1 en Mendoza, 2 en R\u00edo Negro y 1 en Salta.<\/p>\n<p>&nbsp;<\/p>\n<p><em><strong>Por provincia<\/strong><\/em><\/p>\n<p>&nbsp;<\/p>\n<p><strong>En las \u00faltimas 24 horas se registraron en la provincia de Buenos Aires Buenos Aires 39.183 casos<\/strong>; en la Ciudad de Buenos Aires 12.107; en Catamarca 1.368; en Chaco 1.874; en Chubut 824; en Corrientes 2.206; en C\u00f3rdoba 14.978; en Entre R\u00edos 1.977: en Formosa 899; en Jujuy 1.368; en La Pampa 1.179; en La Rioja 321; en Mendoza 3.581; en Misiones 308; en Neuqu\u00e9n 1.801; en R\u00edo Negro 1.407; en Salta 2.643; en San Juan 1.888; en San Luis 2.322; en Santa Cruz 1.604; en Santa Fe 9.594; en Santiago del Estero 2.547; en Tierra del Fuego 366 y en Tucum\u00e1n 3.263.<\/p>\n<p>&nbsp;<\/p>\n<p><strong>El total de acumulados por distrito indica para la provincia de Buenos Aires 2.330.649 casos<\/strong>, en la Ciudad de Buenos Aires 633.107; Catamarca 58.662; Chaco 109.341; Chubut 87.307; Corrientes 101.477; C\u00f3rdoba 650.722; Entre R\u00edos 145.441; Formosa 65.158; Jujuy 55.645; La Pampa 75.017; La Rioja 35.577; Mendoza 182.210; Misiones 39.498; Neuqu\u00e9n 126.521; R\u00edo Negro 111.790; Salta 101.604; San Juan 77.854; San Luis 88.399; Santa Cruz 67.028; Santa Fe 518.541; Santiago del Estero 92.228; Tierra del Fuego 34.131 y Tucum\u00e1n 237.396.<\/p>\n<p>&nbsp;<\/p>\n<p>El Ministerio indic\u00f3 adem\u00e1s que <strong>se realizaron en las \u00faltimas 24 horas 195.008 testeos<\/strong> y desde el inicio del brote ascienden a 28.841.649 las pruebas diagn\u00f3sticas para esta enfermedad.<\/p>\n<p>&nbsp;<\/p>\n","protected":false},"excerpt":{"rendered":"<p>Adem\u00e1s, se registraron 40 muertes. La cifra de contagios se duplic\u00f3 en una semana.<\/p>\n","protected":false},"author":2,"featured_media":13687,"comment_status":"closed","ping_status":"closed","sticky":false,"template":"","format":"standard","meta":{"_jetpack_memberships_contains_paid_content":false,"footnotes":""},"categories":[6,1],"tags":[],"class_list":["post-43390","post","type-post","status-publish","format-standard","has-post-thumbnail","hentry","category-nacionales","category-portada"],"jetpack_featured_media_url":"https:\/\/i0.wp.com\/cdnoticias.com\/wp-content\/uploads\/2021\/02\/DIB-covid-variante-reino-unido-696x392.jpg?fit=696%2C392&ssl=1","jetpack_sharing_enabled":true,"_links":{"self":[{"href":"https:\/\/cdnoticias.com\/index.php\/wp-json\/wp\/v2\/posts\/43390","targetHints":{"allow":["GET"]}}],"collection":[{"href":"https:\/\/cdnoticias.com\/index.php\/wp-json\/wp\/v2\/posts"}],"about":[{"href":"https:\/\/cdnoticias.com\/index.php\/wp-json\/wp\/v2\/types\/post"}],"author":[{"embeddable":true,"href":"https:\/\/cdnoticias.com\/index.php\/wp-json\/wp\/v2\/users\/2"}],"replies":[{"embeddable":true,"href":"https:\/\/cdnoticias.com\/index.php\/wp-json\/wp\/v2\/comments?post=43390"}],"version-history":[{"count":0,"href":"https:\/\/cdnoticias.com\/index.php\/wp-json\/wp\/v2\/posts\/43390\/revisions"}],"wp:featuredmedia":[{"embeddable":true,"href":"https:\/\/cdnoticias.com\/index.php\/wp-json\/wp\/v2\/media\/13687"}],"wp:attachment":[{"href":"https:\/\/cdnoticias.com\/index.php\/wp-json\/wp\/v2\/media?parent=43390"}],"wp:term":[{"taxonomy":"category","embeddable":true,"href":"https:\/\/cdnoticias.com\/index.php\/wp-json\/wp\/v2\/categories?post=43390"},{"taxonomy":"post_tag","embeddable":true,"href":"https:\/\/cdnoticias.com\/index.php\/wp-json\/wp\/v2\/tags?post=43390"}],"curies":[{"name":"wp","href":"https:\/\/api.w.org\/{rel}","templated":true}]}}