{"id":43371,"date":"2022-01-06T15:08:26","date_gmt":"2022-01-06T18:08:26","guid":{"rendered":"https:\/\/www.centraldenoticias.com.ar\/?p=43371"},"modified":"2022-01-06T15:08:26","modified_gmt":"2022-01-06T18:08:26","slug":"sofia-antonella-camplone-colo-q-e-p-d","status":"publish","type":"post","link":"https:\/\/cdnoticias.com\/index.php\/2022\/01\/06\/sofia-antonella-camplone-colo-q-e-p-d\/","title":{"rendered":"Sof\u00eda Antonella Camplone Colo (Q.E.P.D.)"},"content":{"rendered":"<p>Falleci\u00f3 en Capital Federal el d\u00eda 4 de enero de 2022 a los 26 a\u00f1os de edad. Sus padres Juan Carlos Camplone y Esther Lujan Colo. Sus hermanos Romina y<br \/>\nRamiro Camplone; Gabriel y Karina Peralta. Sus hermanos pol\u00edticos. Sus sobrinos. Su abuelo Carlos Colo. Sus t\u00edos. Sus primos. Sus compa\u00f1eros de la<br \/>\npromoci\u00f3n 117, sus padrinos Alejandro y N\u00e9lida; y dem\u00e1s deudos participan su fallecimiento.<\/p>\n<p>&nbsp;<\/p>\n<p>Velatorio: Espa\u00f1a 2942 departamento &#8220;D&#8221;. El velatorio se realizara de 19:00 a 21:00 y reabre 8:30. Responso: Capilla Ardiente. Inhumaci\u00f3n: Cementerio Loma de Paz, viernes 7 de enero a las 10:30. Servicio adherido a Coopelectric.<\/p>\n<p>Barrio en el que viv\u00eda: Vecino de Barrio Floresta.<\/p>\n<p>Lugar de nacimiento: Nacida en Olavarr\u00eda.<\/p>\n<p>Actividad que desarrollaba: Oficial Ayudante de Polic\u00eda Federal.<\/p>\n","protected":false},"excerpt":{"rendered":"<p>Falleci\u00f3 en Capital Federal el d\u00eda 4 de enero de 2022 a los 26 a\u00f1os de edad. Sus padres Juan<\/p>\n","protected":false},"author":6,"featured_media":0,"comment_status":"closed","ping_status":"closed","sticky":false,"template":"","format":"standard","meta":{"_jetpack_memberships_contains_paid_content":false,"footnotes":""},"categories":[10],"tags":[],"class_list":["post-43371","post","type-post","status-publish","format-standard","hentry","category-necrologicas"],"jetpack_featured_media_url":"","jetpack_sharing_enabled":true,"_links":{"self":[{"href":"https:\/\/cdnoticias.com\/index.php\/wp-json\/wp\/v2\/posts\/43371","targetHints":{"allow":["GET"]}}],"collection":[{"href":"https:\/\/cdnoticias.com\/index.php\/wp-json\/wp\/v2\/posts"}],"about":[{"href":"https:\/\/cdnoticias.com\/index.php\/wp-json\/wp\/v2\/types\/post"}],"author":[{"embeddable":true,"href":"https:\/\/cdnoticias.com\/index.php\/wp-json\/wp\/v2\/users\/6"}],"replies":[{"embeddable":true,"href":"https:\/\/cdnoticias.com\/index.php\/wp-json\/wp\/v2\/comments?post=43371"}],"version-history":[{"count":0,"href":"https:\/\/cdnoticias.com\/index.php\/wp-json\/wp\/v2\/posts\/43371\/revisions"}],"wp:attachment":[{"href":"https:\/\/cdnoticias.com\/index.php\/wp-json\/wp\/v2\/media?parent=43371"}],"wp:term":[{"taxonomy":"category","embeddable":true,"href":"https:\/\/cdnoticias.com\/index.php\/wp-json\/wp\/v2\/categories?post=43371"},{"taxonomy":"post_tag","embeddable":true,"href":"https:\/\/cdnoticias.com\/index.php\/wp-json\/wp\/v2\/tags?post=43371"}],"curies":[{"name":"wp","href":"https:\/\/api.w.org\/{rel}","templated":true}]}}