{"id":4337,"date":"2020-10-19T16:44:18","date_gmt":"2020-10-19T19:44:18","guid":{"rendered":"http:\/\/www.centraldenoticias.com.ar\/?p=4337"},"modified":"2020-10-19T18:22:59","modified_gmt":"2020-10-19T21:22:59","slug":"el-encuentro-entre-hilario-galli-y-los-integrantes-de-la-mesa-de-emergencia","status":"publish","type":"post","link":"https:\/\/cdnoticias.com\/index.php\/2020\/10\/19\/el-encuentro-entre-hilario-galli-y-los-integrantes-de-la-mesa-de-emergencia\/","title":{"rendered":"El encuentro entre Hilario Galli y los integrantes de la Mesa de Emergencia"},"content":{"rendered":"<p>&nbsp;<\/p>\n<p>Ocurri\u00f3 durante la ma\u00f1ana de este lunes despu\u00e9s de la tormenta que azot\u00f3 el acampe. Mart\u00edn Rold\u00e1n habl\u00f3 con Central de Noticias y cont\u00f3 los detalles de la improvisada reuni\u00f3n. &#8220;No nos va a parar una tormenta&#8221;, asegur\u00f3.\u00a0<!--more--><\/p>\n<hr \/>\n<p>Este lunes por la ma\u00f1ana y luego del<a href=\"https:\/\/cdnoticias.com\/index.php\/2020\/10\/19\/se-volaron-al-menos-seis-techos-con-la-tormenta-de-fuertes-vientos\/\" target=\"_blank\" rel=\"noopener\"> temporal que afect\u00f3 numerosos sectores de la ciudad<\/a>, incluido el acampe frente al Municipio que lleva adelante hace m\u00e1s de 20 d\u00edas la Mesa de Emergencia, se produjo un<strong> encuentro entre el secretario de Gobierno y los manifestantes.<\/strong><\/p>\n<p>&nbsp;<\/p>\n<p>Mart\u00edn Rold\u00e1n, referente de la Mesa de Emergencia, habl\u00f3 con Central de Noticias y cont\u00f3 en primer lugar las consecuencias de la tormenta. <em>\u201cHab\u00edamos previsto que iba a venir un viento y hicimos lo posible para que las familias con los nenes vayan a lugares resguardados. <strong>Entre los cuatro que est\u00e1bamos lo \u00fanico que pudimos hacer con semejante viento y lluvia, fue tener una de las carpas.<\/strong> El resto de las carpas no la pudimos sostener y se volaron\u201d<\/em>, relat\u00f3.<\/p>\n<p>&nbsp;<\/p>\n<p><em>\u201cPerdimos un mont\u00f3n de cosas, ropa, frazadas, colchones, no las pudimos salvar en ese momento. Hasta que pas\u00f3 el viento aguantamos tener la carpa m\u00e1s grande. Cuando calm\u00f3 el viento, se acerc\u00f3 gente a ayudar. Hoy a la ma\u00f1ana vinieron todos los que est\u00e1n en la asamblea y nos estamos rearmando\u201d<\/em>, continu\u00f3 Rold\u00e1n y asegur\u00f3 que<strong><em> \u201cel \u00e1nimo de las familias es mantener el acampe como sea, no nos va a parar una tormenta\u201d.<\/em><\/strong><\/p>\n<p>&nbsp;<\/p>\n<p><img data-recalc-dims=\"1\" loading=\"lazy\" decoding=\"async\" class=\"alignnone size-full wp-image-4329\" src=\"https:\/\/i0.wp.com\/cdnoticias.com\/wp-content\/uploads\/2020\/10\/lluvia02.jpg?resize=732%2C462&#038;ssl=1\" alt=\"\" width=\"732\" height=\"462\" srcset=\"https:\/\/i0.wp.com\/cdnoticias.com\/wp-content\/uploads\/2020\/10\/lluvia02.jpg?w=732&amp;ssl=1 732w, https:\/\/i0.wp.com\/cdnoticias.com\/wp-content\/uploads\/2020\/10\/lluvia02.jpg?resize=300%2C189&amp;ssl=1 300w\" sizes=\"auto, (max-width: 732px) 100vw, 732px\" \/><\/p>\n<p>&nbsp;<\/p>\n<p><strong>Asimismo explic\u00f3 que durante la ma\u00f1ana se acerc\u00f3 al lugar el secretario de Gobierno Hilario Galli.<\/strong> <em>\u201cEs la primera vez que se acerca, nos pregunt\u00f3 qu\u00e9 necesitamos. La respuesta fue que ya lo sabe y que hace 20 d\u00edas que estamos ac\u00e1. <strong>Tuvimos una charla, un di\u00e1logo cordial.<\/strong> Demostramos lo que nosotros vinimos a hacer ac\u00e1, que no es insultar a nadie, sino que resuelvan el problema de esas familias\u201d<\/em>, se\u00f1al\u00f3.<\/p>\n<p>&nbsp;<\/p>\n<p>Rold\u00e1n indic\u00f3 que <strong><em>\u201ccharlamos un mont\u00f3n de cosas con \u00e9l y dijo que iba a hacer todo lo posible para que nos atienda Ezequiel Galli. Son las 4 de la tarde y todav\u00eda no tenemos respuestas\u201d.<\/em><\/strong><\/p>\n<p>&nbsp;<\/p>\n<p>Entre los temas abordados, el referente barrial indic\u00f3 que <em>\u201cle dijimos que <strong>para nosotros est\u00e1n fallando los intermediarios y le comentamos algunas cosas como que nos condicionan la reuni\u00f3n<\/strong>, que algunas personas de la asamblea pueden ir y otras no. \u00c9l dice que no estaba al tanto de esto y que no tendr\u00eda drama de juntarse con cualquiera\u201d.<\/em><\/p>\n<p>&nbsp;<\/p>\n<p><img data-recalc-dims=\"1\" loading=\"lazy\" decoding=\"async\" class=\"alignnone size-full wp-image-4328\" src=\"https:\/\/i0.wp.com\/cdnoticias.com\/wp-content\/uploads\/2020\/10\/lluvia01.jpg?resize=713%2C458&#038;ssl=1\" alt=\"\" width=\"713\" height=\"458\" srcset=\"https:\/\/i0.wp.com\/cdnoticias.com\/wp-content\/uploads\/2020\/10\/lluvia01.jpg?w=713&amp;ssl=1 713w, https:\/\/i0.wp.com\/cdnoticias.com\/wp-content\/uploads\/2020\/10\/lluvia01.jpg?resize=300%2C193&amp;ssl=1 300w\" sizes=\"auto, (max-width: 713px) 100vw, 713px\" \/><\/p>\n<p>&nbsp;<\/p>\n<blockquote><p>Cuando \u00e9l vino estaban casi todas las referentes que est\u00e1n en la Mesa de Emergencia, aparte de las familias. Le hablamos que nosotros tenemos propuestas no solo de vivienda y alimentaci\u00f3n, sino tambi\u00e9n de trabajo.<\/p><\/blockquote>\n<p>&nbsp;<\/p>\n<p><em>\u201cLas chicas est\u00e1n haciendo lo posible para ayudar a otras con la econom\u00eda popular, con trabajos que se van inventando y mediante eso van subsistiendo.<strong> Tienen proyectos y propuestas pero necesitan que el Estado te de una mano<\/strong>\u201d<\/em>, se\u00f1al\u00f3.<\/p>\n<p>&nbsp;<\/p>\n<p>Por \u00faltimo cont\u00f3 que <strong><em>\u201cle reclamamos que el Concejo Deliberante ya vot\u00f3 una resoluci\u00f3n donde ellos nos tienen que atender\u201d<\/em> <\/strong>y volvieron a insistir en la situaci\u00f3n que han tenido que atravesar <em>\u201clas chicas han venido a reclamar y tienen maltrato de parte de las instituciones como la <a href=\"https:\/\/cdnoticias.com\/index.php\/2020\/10\/09\/reclamo-de-viviendas-grave-denuncia-publica-contra-una-empleada-de-desarrollo-social\/\" target=\"_blank\" rel=\"noopener\">\u00faltima denuncia que realizaron<\/a>. Ahora estamos esperando que nos atiendan\u201d.<\/em><\/p>\n","protected":false},"excerpt":{"rendered":"<p>&nbsp; Ocurri\u00f3 durante la ma\u00f1ana de este lunes despu\u00e9s de la tormenta que azot\u00f3 el acampe. Mart\u00edn Rold\u00e1n habl\u00f3 con<\/p>\n","protected":false},"author":5,"featured_media":4331,"comment_status":"closed","ping_status":"closed","sticky":false,"template":"","format":"standard","meta":{"_jetpack_memberships_contains_paid_content":false,"footnotes":""},"categories":[5,1],"tags":[],"class_list":["post-4337","post","type-post","status-publish","format-standard","has-post-thumbnail","hentry","category-informacion-general","category-portada"],"jetpack_featured_media_url":"https:\/\/i0.wp.com\/cdnoticias.com\/wp-content\/uploads\/2020\/10\/lluvia04.jpg?fit=723%2C493&ssl=1","jetpack_sharing_enabled":true,"_links":{"self":[{"href":"https:\/\/cdnoticias.com\/index.php\/wp-json\/wp\/v2\/posts\/4337","targetHints":{"allow":["GET"]}}],"collection":[{"href":"https:\/\/cdnoticias.com\/index.php\/wp-json\/wp\/v2\/posts"}],"about":[{"href":"https:\/\/cdnoticias.com\/index.php\/wp-json\/wp\/v2\/types\/post"}],"author":[{"embeddable":true,"href":"https:\/\/cdnoticias.com\/index.php\/wp-json\/wp\/v2\/users\/5"}],"replies":[{"embeddable":true,"href":"https:\/\/cdnoticias.com\/index.php\/wp-json\/wp\/v2\/comments?post=4337"}],"version-history":[{"count":0,"href":"https:\/\/cdnoticias.com\/index.php\/wp-json\/wp\/v2\/posts\/4337\/revisions"}],"wp:featuredmedia":[{"embeddable":true,"href":"https:\/\/cdnoticias.com\/index.php\/wp-json\/wp\/v2\/media\/4331"}],"wp:attachment":[{"href":"https:\/\/cdnoticias.com\/index.php\/wp-json\/wp\/v2\/media?parent=4337"}],"wp:term":[{"taxonomy":"category","embeddable":true,"href":"https:\/\/cdnoticias.com\/index.php\/wp-json\/wp\/v2\/categories?post=4337"},{"taxonomy":"post_tag","embeddable":true,"href":"https:\/\/cdnoticias.com\/index.php\/wp-json\/wp\/v2\/tags?post=4337"}],"curies":[{"name":"wp","href":"https:\/\/api.w.org\/{rel}","templated":true}]}}