{"id":43343,"date":"2022-01-06T12:00:32","date_gmt":"2022-01-06T15:00:32","guid":{"rendered":"https:\/\/www.centraldenoticias.com.ar\/?p=43343"},"modified":"2022-01-06T13:56:31","modified_gmt":"2022-01-06T16:56:31","slug":"importante-marco-para-recibir-a-los-reyes-magos","status":"publish","type":"post","link":"https:\/\/cdnoticias.com\/index.php\/2022\/01\/06\/importante-marco-para-recibir-a-los-reyes-magos\/","title":{"rendered":"Importante marco para recibir a los Reyes Magos"},"content":{"rendered":"<p>La fiesta volvi\u00f3 a Sierras Bayas y miles de personas se convocaron para presenciar la bajada.<!--more--><\/p>\n<hr \/>\n<p><strong>Sierras Bayas volvi\u00f3 a festejar con la bajada de los Reyes Magos<\/strong>: la tradicional celebraci\u00f3n tuvo en la noche del mi\u00e9rcoles su edici\u00f3n 57\u00ba despu\u00e9s de la suspensi\u00f3n del a\u00f1o pasado por la pandemia.<\/p>\n<p>&nbsp;<\/p>\n<p>La respuesta del p\u00fablico fue acorde y <strong>miles de personas se convocaron<\/strong> en la localidad para presenciar la llegada de los Reyes Magos y los espect\u00e1culos presentados. <strong>El momento m\u00e1s especial volvi\u00f3 a ser la entrega de juguetes a los ni\u00f1os<\/strong>.<\/p>\n<p>&nbsp;<\/p>\n<p>[soliloquy id=&#8221;43359&#8243;]<\/p>\n<p>&nbsp;<\/p>\n<p>Hubo feria de artesanos en la plaza central. En el escenario se presentaron el m\u00fasico de folklore Mart\u00edn Pereyra y Los Eternos Cumbia, banda marplatense que tuvo el cierre. Tras la bendici\u00f3n religiosa, comenz\u00f3 el <strong>Pesebre Viviente<\/strong> que tuvo su momento c\u00falmine con Melchor, Gaspar y Baltasar.<\/p>\n<p>&nbsp;<\/p>\n<p><strong>La magia volvi\u00f3 a Sierras Bayas con la alegr\u00eda de miles de ni\u00f1os y ni\u00f1as<\/strong>, y tambi\u00e9n de sus familiares que revivieron la ilusi\u00f3n de recibir la sorpresa de los Reyes.<\/p>\n","protected":false},"excerpt":{"rendered":"<p>La fiesta volvi\u00f3 a Sierras Bayas y miles de personas se convocaron para presenciar la bajada.<\/p>\n","protected":false},"author":4,"featured_media":43357,"comment_status":"closed","ping_status":"closed","sticky":false,"template":"","format":"standard","meta":{"_jetpack_memberships_contains_paid_content":false,"footnotes":""},"categories":[9,1],"tags":[],"class_list":["post-43343","post","type-post","status-publish","format-standard","has-post-thumbnail","hentry","category-cultura","category-portada"],"jetpack_featured_media_url":"https:\/\/i0.wp.com\/cdnoticias.com\/wp-content\/uploads\/2022\/01\/fiesta-de-reyes-00.jpg?fit=800%2C446&ssl=1","jetpack_sharing_enabled":true,"_links":{"self":[{"href":"https:\/\/cdnoticias.com\/index.php\/wp-json\/wp\/v2\/posts\/43343","targetHints":{"allow":["GET"]}}],"collection":[{"href":"https:\/\/cdnoticias.com\/index.php\/wp-json\/wp\/v2\/posts"}],"about":[{"href":"https:\/\/cdnoticias.com\/index.php\/wp-json\/wp\/v2\/types\/post"}],"author":[{"embeddable":true,"href":"https:\/\/cdnoticias.com\/index.php\/wp-json\/wp\/v2\/users\/4"}],"replies":[{"embeddable":true,"href":"https:\/\/cdnoticias.com\/index.php\/wp-json\/wp\/v2\/comments?post=43343"}],"version-history":[{"count":0,"href":"https:\/\/cdnoticias.com\/index.php\/wp-json\/wp\/v2\/posts\/43343\/revisions"}],"wp:featuredmedia":[{"embeddable":true,"href":"https:\/\/cdnoticias.com\/index.php\/wp-json\/wp\/v2\/media\/43357"}],"wp:attachment":[{"href":"https:\/\/cdnoticias.com\/index.php\/wp-json\/wp\/v2\/media?parent=43343"}],"wp:term":[{"taxonomy":"category","embeddable":true,"href":"https:\/\/cdnoticias.com\/index.php\/wp-json\/wp\/v2\/categories?post=43343"},{"taxonomy":"post_tag","embeddable":true,"href":"https:\/\/cdnoticias.com\/index.php\/wp-json\/wp\/v2\/tags?post=43343"}],"curies":[{"name":"wp","href":"https:\/\/api.w.org\/{rel}","templated":true}]}}