{"id":43323,"date":"2022-01-06T08:39:31","date_gmt":"2022-01-06T11:39:31","guid":{"rendered":"https:\/\/www.centraldenoticias.com.ar\/?p=43323"},"modified":"2022-01-06T08:39:31","modified_gmt":"2022-01-06T11:39:31","slug":"elisa-noemi-martinez-de-de-la-sota-eli-q-e-p-d","status":"publish","type":"post","link":"https:\/\/cdnoticias.com\/index.php\/2022\/01\/06\/elisa-noemi-martinez-de-de-la-sota-eli-q-e-p-d\/","title":{"rendered":"Elisa Noemi Martinez de De La Sota &#8220;Eli&#8221; (Q.E.P.D.)"},"content":{"rendered":"<p>&nbsp;<\/p>\n<p>Falleci\u00f3 en Olavarr\u00eda el d\u00eda 5 de enero de 2022 a los 69 a\u00f1os de edad.<\/p>\n<p>&nbsp;<\/p>\n<p>Su esposo Norberto De La Sota. Sus hijos Diego, Sebasti\u00e1n y Lucas De La Sota. Sus nietos. Su bisnieta. Su Madre Elsa Dellapenna. Sus hermanos pol\u00edticos Marcelo y Norma. Sus sobrinos y dem\u00e1s deudos participan su fallecimiento.<\/p>\n<p>&nbsp;<\/p>\n<p>Velatorio: Espa\u00f1a 2942 departamento &#8220;D&#8221;. La sala se habilita este jueves a las 7:30 horas. Sin responso. Inhumaci\u00f3n: Cementerio Loma de Paz, jueves 6 de enero a las 11:30. Servicio adherido a Coopelectric.<\/p>\n<p>&nbsp;<\/p>\n<p>Vecina de Mariano Moreno.<\/p>\n<p>&nbsp;<\/p>\n<p>Nacida en Olavarr\u00eda.<\/p>\n<p>&nbsp;<\/p>\n<p>Actividad que desarrollaba: Docente Jubilada.<\/p>\n","protected":false},"excerpt":{"rendered":"<p>&nbsp; Falleci\u00f3 en Olavarr\u00eda el d\u00eda 5 de enero de 2022 a los 69 a\u00f1os de edad. &nbsp; Su esposo<\/p>\n","protected":false},"author":4,"featured_media":0,"comment_status":"closed","ping_status":"closed","sticky":false,"template":"","format":"standard","meta":{"_jetpack_memberships_contains_paid_content":false,"footnotes":""},"categories":[10],"tags":[],"class_list":["post-43323","post","type-post","status-publish","format-standard","hentry","category-necrologicas"],"jetpack_featured_media_url":"","jetpack_sharing_enabled":true,"_links":{"self":[{"href":"https:\/\/cdnoticias.com\/index.php\/wp-json\/wp\/v2\/posts\/43323","targetHints":{"allow":["GET"]}}],"collection":[{"href":"https:\/\/cdnoticias.com\/index.php\/wp-json\/wp\/v2\/posts"}],"about":[{"href":"https:\/\/cdnoticias.com\/index.php\/wp-json\/wp\/v2\/types\/post"}],"author":[{"embeddable":true,"href":"https:\/\/cdnoticias.com\/index.php\/wp-json\/wp\/v2\/users\/4"}],"replies":[{"embeddable":true,"href":"https:\/\/cdnoticias.com\/index.php\/wp-json\/wp\/v2\/comments?post=43323"}],"version-history":[{"count":0,"href":"https:\/\/cdnoticias.com\/index.php\/wp-json\/wp\/v2\/posts\/43323\/revisions"}],"wp:attachment":[{"href":"https:\/\/cdnoticias.com\/index.php\/wp-json\/wp\/v2\/media?parent=43323"}],"wp:term":[{"taxonomy":"category","embeddable":true,"href":"https:\/\/cdnoticias.com\/index.php\/wp-json\/wp\/v2\/categories?post=43323"},{"taxonomy":"post_tag","embeddable":true,"href":"https:\/\/cdnoticias.com\/index.php\/wp-json\/wp\/v2\/tags?post=43323"}],"curies":[{"name":"wp","href":"https:\/\/api.w.org\/{rel}","templated":true}]}}