{"id":43318,"date":"2022-01-06T08:27:23","date_gmt":"2022-01-06T11:27:23","guid":{"rendered":"https:\/\/www.centraldenoticias.com.ar\/?p=43318"},"modified":"2022-01-06T09:14:36","modified_gmt":"2022-01-06T12:14:36","slug":"dos-olavarrienses-involucrados-en-un-siniestro-vial-en-azul","status":"publish","type":"post","link":"https:\/\/cdnoticias.com\/index.php\/2022\/01\/06\/dos-olavarrienses-involucrados-en-un-siniestro-vial-en-azul\/","title":{"rendered":"Dos olavarrienses involucrados en un siniestro vial en Azul"},"content":{"rendered":"<p>El conductor de una moto result\u00f3 herido sobre ruta 51, a la altura del acceso a la vecina localidad. Impact\u00f3 contra un cami\u00f3n.<!--more--><\/p>\n<hr \/>\n<p><strong>Este mi\u00e9rcoles dos vecinos domiciliados en Olavarr\u00eda protagonizaron un siniestro vial en la localidad de Azul<\/strong>: ocurri\u00f3 entre un cami\u00f3n y una moto en ruta provincial 51 a la altura de avenida Madres de Plaza de Mayo.<\/p>\n<p>&nbsp;<\/p>\n<p>Seg\u00fan se inform\u00f3 en Noticias de Azul, el caso se registr\u00f3 <strong>alrededor de las 20.15<\/strong>.<\/p>\n<p>&nbsp;<\/p>\n<blockquote><p>Colisionaron un cami\u00f3n marca Volvo 420, (dominio AF068LU) con acoplado (dominio AE576CL), conducido por Juan Jos\u00e9 Molina de 50 a\u00f1os de edad, oriundo de Hinojo Olavarr\u00eda, y una moto marca Honda 125cc, modelo Storm guiada por Lucas Agust\u00edn Rey de 26 a\u00f1os, oriundo de Olavarr\u00eda.<\/p><\/blockquote>\n<p>&nbsp;<\/p>\n<p><img data-recalc-dims=\"1\" loading=\"lazy\" decoding=\"async\" class=\"alignnone size-full wp-image-43320\" src=\"https:\/\/i0.wp.com\/cdnoticias.com\/wp-content\/uploads\/2022\/01\/choque-ruta-51-azul-04.jpg?resize=701%2C390&#038;ssl=1\" alt=\"\" width=\"701\" height=\"390\" srcset=\"https:\/\/i0.wp.com\/cdnoticias.com\/wp-content\/uploads\/2022\/01\/choque-ruta-51-azul-04.jpg?w=701&amp;ssl=1 701w, https:\/\/i0.wp.com\/cdnoticias.com\/wp-content\/uploads\/2022\/01\/choque-ruta-51-azul-04.jpg?resize=300%2C167&amp;ssl=1 300w\" sizes=\"auto, (max-width: 701px) 100vw, 701px\" \/><\/p>\n<p>&nbsp;<\/p>\n<p>Como consecuencia del impacto,<strong> el conductor de la motocicleta debi\u00f3 ser trasladado en ambulancia del SAME al Hospital Municipal \u201cDr. \u00c1ngel Pintos\u201d<\/strong> para recibir asistencia m\u00e9dica. Qued\u00f3 internado en el centro de salud.<\/p>\n<p>&nbsp;<\/p>\n<p>Trabajaron en el lugar del hecho, personal policial dependiente del Destacamento Balneario, y Polic\u00eda Cient\u00edfica para realizar las pericias del accidente.<\/p>\n<p>&nbsp;<\/p>\n<p><img data-recalc-dims=\"1\" loading=\"lazy\" decoding=\"async\" class=\"aligncenter wp-image-43319 size-full\" src=\"https:\/\/i0.wp.com\/cdnoticias.com\/wp-content\/uploads\/2022\/01\/choque-ruta-51-azul-02.jpg?resize=700%2C389&#038;ssl=1\" alt=\"\" width=\"700\" height=\"389\" srcset=\"https:\/\/i0.wp.com\/cdnoticias.com\/wp-content\/uploads\/2022\/01\/choque-ruta-51-azul-02.jpg?w=700&amp;ssl=1 700w, https:\/\/i0.wp.com\/cdnoticias.com\/wp-content\/uploads\/2022\/01\/choque-ruta-51-azul-02.jpg?resize=300%2C167&amp;ssl=1 300w\" sizes=\"auto, (max-width: 700px) 100vw, 700px\" \/><\/p>\n<p>&nbsp;<\/p>\n<p>Se instruy\u00f3 causa penal por <strong>\u201clesiones culposas\u201d<\/strong> con intervenci\u00f3n de la UFI 2 del Departamento Judicial de Azul.<\/p>\n<p>&nbsp;<\/p>\n<p>Fuente y fotos: <em>Noticias de Azul<\/em><\/p>\n","protected":false},"excerpt":{"rendered":"<p>El conductor de una moto result\u00f3 herido sobre ruta 51, a la altura del acceso a la vecina localidad. Impact\u00f3<\/p>\n","protected":false},"author":4,"featured_media":43321,"comment_status":"closed","ping_status":"closed","sticky":false,"template":"","format":"standard","meta":{"_jetpack_memberships_contains_paid_content":false,"footnotes":""},"categories":[14,1],"tags":[],"class_list":["post-43318","post","type-post","status-publish","format-standard","has-post-thumbnail","hentry","category-policiales","category-portada"],"jetpack_featured_media_url":"https:\/\/i0.wp.com\/cdnoticias.com\/wp-content\/uploads\/2022\/01\/choque-ruta-51-azul-00.jpg?fit=701%2C390&ssl=1","jetpack_sharing_enabled":true,"_links":{"self":[{"href":"https:\/\/cdnoticias.com\/index.php\/wp-json\/wp\/v2\/posts\/43318","targetHints":{"allow":["GET"]}}],"collection":[{"href":"https:\/\/cdnoticias.com\/index.php\/wp-json\/wp\/v2\/posts"}],"about":[{"href":"https:\/\/cdnoticias.com\/index.php\/wp-json\/wp\/v2\/types\/post"}],"author":[{"embeddable":true,"href":"https:\/\/cdnoticias.com\/index.php\/wp-json\/wp\/v2\/users\/4"}],"replies":[{"embeddable":true,"href":"https:\/\/cdnoticias.com\/index.php\/wp-json\/wp\/v2\/comments?post=43318"}],"version-history":[{"count":0,"href":"https:\/\/cdnoticias.com\/index.php\/wp-json\/wp\/v2\/posts\/43318\/revisions"}],"wp:featuredmedia":[{"embeddable":true,"href":"https:\/\/cdnoticias.com\/index.php\/wp-json\/wp\/v2\/media\/43321"}],"wp:attachment":[{"href":"https:\/\/cdnoticias.com\/index.php\/wp-json\/wp\/v2\/media?parent=43318"}],"wp:term":[{"taxonomy":"category","embeddable":true,"href":"https:\/\/cdnoticias.com\/index.php\/wp-json\/wp\/v2\/categories?post=43318"},{"taxonomy":"post_tag","embeddable":true,"href":"https:\/\/cdnoticias.com\/index.php\/wp-json\/wp\/v2\/tags?post=43318"}],"curies":[{"name":"wp","href":"https:\/\/api.w.org\/{rel}","templated":true}]}}