{"id":43312,"date":"2022-01-05T21:17:50","date_gmt":"2022-01-06T00:17:50","guid":{"rendered":"https:\/\/www.centraldenoticias.com.ar\/?p=43312"},"modified":"2022-01-05T21:17:50","modified_gmt":"2022-01-06T00:17:50","slug":"tercera-jornada-consecutiva-con-mas-de-2000-dosis-aplicadas","status":"publish","type":"post","link":"https:\/\/cdnoticias.com\/index.php\/2022\/01\/05\/tercera-jornada-consecutiva-con-mas-de-2000-dosis-aplicadas\/","title":{"rendered":"Tercera jornada consecutiva con m\u00e1s de 2000 dosis aplicadas"},"content":{"rendered":"<p>La campa\u00f1a de vacunaci\u00f3n avanza en Olavarr\u00eda. Este mi\u00e9rcoles fueron inmunizadas 2084 personas.<!--more--><\/p>\n<hr \/>\n<p>En la jornada de este mi\u00e9rcoles se aplicaron<strong> 143 vacunas contra el Covid-19 a ni\u00f1os, ni\u00f1as y adolescentes.<\/strong> Adem\u00e1s, se dieron <strong>1764 terceras dosis sobre un total de 2084 aplicaciones<\/strong> distribuidas de la siguiente manera: en la Facultad de Ciencias de la Salud se inocularon 604 personas, en el Servicio Territorial N\u00b02 se aplicaron 685 dosis, y en el Centro Cultural Universitario fueron vacunados 795 vecinos y vecinas.<\/p>\n<p>&nbsp;<\/p>\n<p>A la par, se desarrolla la<strong> vacunaci\u00f3n libre de primeras y segundas dosis para mayores de 3 a\u00f1os<\/strong>, ya sean argentinas, argentinos y turistas extranjeros, en todas las postas sanitarias de la Provincia y la vacunaci\u00f3n libre de terceras dosis para mayores de 60 a\u00f1os e inmunodeprimidos.<\/p>\n<p>&nbsp;<\/p>\n<p>Adem\u00e1s, contin\u00faan las <strong>actividades preventivas en el Centro Provincial de Testeos<\/strong> que funciona en el gimnasio del Club El Fort\u00edn (Pellegrini y Hornos, acceso por calle Hornos), de lunes a viernes de 7 a 12.<\/p>\n<p>&nbsp;<\/p>\n<p><img data-recalc-dims=\"1\" loading=\"lazy\" decoding=\"async\" class=\"aligncenter size-full wp-image-43313\" src=\"https:\/\/i0.wp.com\/cdnoticias.com\/wp-content\/uploads\/2022\/01\/WhatsApp-Image-2022-01-05-at-10.32.27.jpeg?resize=800%2C450&#038;ssl=1\" alt=\"\" width=\"800\" height=\"450\" srcset=\"https:\/\/i0.wp.com\/cdnoticias.com\/wp-content\/uploads\/2022\/01\/WhatsApp-Image-2022-01-05-at-10.32.27.jpeg?w=1280&amp;ssl=1 1280w, https:\/\/i0.wp.com\/cdnoticias.com\/wp-content\/uploads\/2022\/01\/WhatsApp-Image-2022-01-05-at-10.32.27.jpeg?resize=300%2C169&amp;ssl=1 300w, https:\/\/i0.wp.com\/cdnoticias.com\/wp-content\/uploads\/2022\/01\/WhatsApp-Image-2022-01-05-at-10.32.27.jpeg?resize=1024%2C576&amp;ssl=1 1024w, https:\/\/i0.wp.com\/cdnoticias.com\/wp-content\/uploads\/2022\/01\/WhatsApp-Image-2022-01-05-at-10.32.27.jpeg?resize=768%2C432&amp;ssl=1 768w\" sizes=\"auto, (max-width: 800px) 100vw, 800px\" \/><\/p>\n<p>&nbsp;<\/p>\n<p>Por \u00faltimo, se record\u00f3 que ya rige el <strong>Pase Libre con Vacuna<\/strong> en la provincia de Buenos Aires. Los responsables de actividades con alta concurrencia deber\u00e1n solicitar el certificado de vacunaci\u00f3n.<\/p>\n<p>&nbsp;<\/p>\n<p>Es el requisito de al menos dos dosis de la vacuna contra el Covid-19 que es necesario presentar si ten\u00e9s mas de 13 a\u00f1os para poder asistir a algunas actividades en la provincia de Buenos Aires que pueden presentar mayor riesgo epidemiol\u00f3gico.<\/p>\n<p>&nbsp;<\/p>\n<p>No obstante, hasta el 28 de febrero si una persona tiene la primera dosis y no se cumpli\u00f3 el tiempo m\u00ednimo interdosis (seis semanas), tambi\u00e9n puede acreditar el pase libre.<\/p>\n<p>&nbsp;<\/p>\n<p>Los que residan en la provincia de Buenos Aires podr\u00e1n acreditar las dosis de las vacunas con el carnet en cart\u00f3n o tarjeta, en el porta<strong>l mi.argentina.gob.ar y en las app VacunatePBA, MiArgentina y Cuidar.<\/strong><\/p>\n","protected":false},"excerpt":{"rendered":"<p>La campa\u00f1a de vacunaci\u00f3n avanza en Olavarr\u00eda. Este mi\u00e9rcoles fueron inmunizadas 2084 personas.<\/p>\n","protected":false},"author":5,"featured_media":43315,"comment_status":"closed","ping_status":"closed","sticky":false,"template":"","format":"standard","meta":{"_jetpack_memberships_contains_paid_content":false,"footnotes":""},"categories":[16,1],"tags":[],"class_list":["post-43312","post","type-post","status-publish","format-standard","has-post-thumbnail","hentry","category-covid-19","category-portada"],"jetpack_featured_media_url":"https:\/\/i0.wp.com\/cdnoticias.com\/wp-content\/uploads\/2022\/01\/WhatsApp-Image-2022-01-05-at-11.14.23.jpeg?fit=1599%2C899&ssl=1","jetpack_sharing_enabled":true,"_links":{"self":[{"href":"https:\/\/cdnoticias.com\/index.php\/wp-json\/wp\/v2\/posts\/43312","targetHints":{"allow":["GET"]}}],"collection":[{"href":"https:\/\/cdnoticias.com\/index.php\/wp-json\/wp\/v2\/posts"}],"about":[{"href":"https:\/\/cdnoticias.com\/index.php\/wp-json\/wp\/v2\/types\/post"}],"author":[{"embeddable":true,"href":"https:\/\/cdnoticias.com\/index.php\/wp-json\/wp\/v2\/users\/5"}],"replies":[{"embeddable":true,"href":"https:\/\/cdnoticias.com\/index.php\/wp-json\/wp\/v2\/comments?post=43312"}],"version-history":[{"count":0,"href":"https:\/\/cdnoticias.com\/index.php\/wp-json\/wp\/v2\/posts\/43312\/revisions"}],"wp:featuredmedia":[{"embeddable":true,"href":"https:\/\/cdnoticias.com\/index.php\/wp-json\/wp\/v2\/media\/43315"}],"wp:attachment":[{"href":"https:\/\/cdnoticias.com\/index.php\/wp-json\/wp\/v2\/media?parent=43312"}],"wp:term":[{"taxonomy":"category","embeddable":true,"href":"https:\/\/cdnoticias.com\/index.php\/wp-json\/wp\/v2\/categories?post=43312"},{"taxonomy":"post_tag","embeddable":true,"href":"https:\/\/cdnoticias.com\/index.php\/wp-json\/wp\/v2\/tags?post=43312"}],"curies":[{"name":"wp","href":"https:\/\/api.w.org\/{rel}","templated":true}]}}