{"id":43265,"date":"2022-01-05T15:47:37","date_gmt":"2022-01-05T18:47:37","guid":{"rendered":"https:\/\/www.centraldenoticias.com.ar\/?p=43265"},"modified":"2022-01-05T15:48:55","modified_gmt":"2022-01-05T18:48:55","slug":"robleis-se-presentara-en-el-teatro-municipal","status":"publish","type":"post","link":"https:\/\/cdnoticias.com\/index.php\/2022\/01\/05\/robleis-se-presentara-en-el-teatro-municipal\/","title":{"rendered":"Robleis se presentar\u00e1 en el Teatro Municipal"},"content":{"rendered":"<p>El joven youtuber y cantante se presentar\u00e1 este pr\u00f3ximo s\u00e1bado 8 a las 19:00.<!--more--><\/p>\n<hr \/>\n<p>&nbsp;<\/p>\n<p><strong>Tom\u00e1s Arbillaga, <\/strong>m\u00e1s conocido como<strong> &#8220;Robleis&#8221;, <\/strong>es un<strong> joven olavarriense youtuber y cantante<\/strong> que se presentar\u00e1 en nuestra ciudad este pr\u00f3ximo <strong>s\u00e1bado 8 de enero a las 19:00<\/strong>. La cita ser\u00e1 el en el <strong>Teatro Municipal.<\/strong><\/p>\n<p>&nbsp;<\/p>\n<p>El joven tiene m\u00e1s de <strong>16 millones de suscriptores en su canal de Youtube<\/strong> y su <strong>contenido va dirigido a j\u00f3venes y adolescentes.<\/strong> Actualmente <strong>reside en Andorra<\/strong> y cuenta con<strong> 500 mil oyentes en la plataforma Spotify<\/strong>.<\/p>\n<p>&nbsp;<\/p>\n<p>En esta ocasi\u00f3n <strong>Robleis estar\u00e1 presentando sus canciones propias<\/strong> entre ellas su <strong>\u00faltimo lanzamiento<\/strong> <em><strong>\u201cUna noche m\u00e1s\u201d.<\/strong><\/em><\/p>\n<p>&nbsp;<\/p>\n<p>Los <strong>menores de 12 a\u00f1os deber\u00e1n ingresar con un adulto responsable.\u00a0<\/strong><\/p>\n<p>&nbsp;<\/p>\n<p>Las <strong>entradas<\/strong> pueden adquirirlas en el siguiente <a href=\"https:\/\/www.allaccess.com.ar\/event\/robleis\" target=\"_blank\" rel=\"noopener\">link<\/a>.<\/p>\n<p>&nbsp;<\/p>\n","protected":false},"excerpt":{"rendered":"<p>El joven youtuber y cantante se presentar\u00e1 este pr\u00f3ximo s\u00e1bado 8 a las 19:00.<\/p>\n","protected":false},"author":6,"featured_media":43266,"comment_status":"closed","ping_status":"closed","sticky":false,"template":"","format":"standard","meta":{"_jetpack_memberships_contains_paid_content":false,"footnotes":""},"categories":[9,1],"tags":[],"class_list":["post-43265","post","type-post","status-publish","format-standard","has-post-thumbnail","hentry","category-cultura","category-portada"],"jetpack_featured_media_url":"https:\/\/i0.wp.com\/cdnoticias.com\/wp-content\/uploads\/2022\/01\/WhatsApp-Image-2022-01-05-at-15.27.52.jpeg?fit=720%2C686&ssl=1","jetpack_sharing_enabled":true,"_links":{"self":[{"href":"https:\/\/cdnoticias.com\/index.php\/wp-json\/wp\/v2\/posts\/43265","targetHints":{"allow":["GET"]}}],"collection":[{"href":"https:\/\/cdnoticias.com\/index.php\/wp-json\/wp\/v2\/posts"}],"about":[{"href":"https:\/\/cdnoticias.com\/index.php\/wp-json\/wp\/v2\/types\/post"}],"author":[{"embeddable":true,"href":"https:\/\/cdnoticias.com\/index.php\/wp-json\/wp\/v2\/users\/6"}],"replies":[{"embeddable":true,"href":"https:\/\/cdnoticias.com\/index.php\/wp-json\/wp\/v2\/comments?post=43265"}],"version-history":[{"count":0,"href":"https:\/\/cdnoticias.com\/index.php\/wp-json\/wp\/v2\/posts\/43265\/revisions"}],"wp:featuredmedia":[{"embeddable":true,"href":"https:\/\/cdnoticias.com\/index.php\/wp-json\/wp\/v2\/media\/43266"}],"wp:attachment":[{"href":"https:\/\/cdnoticias.com\/index.php\/wp-json\/wp\/v2\/media?parent=43265"}],"wp:term":[{"taxonomy":"category","embeddable":true,"href":"https:\/\/cdnoticias.com\/index.php\/wp-json\/wp\/v2\/categories?post=43265"},{"taxonomy":"post_tag","embeddable":true,"href":"https:\/\/cdnoticias.com\/index.php\/wp-json\/wp\/v2\/tags?post=43265"}],"curies":[{"name":"wp","href":"https:\/\/api.w.org\/{rel}","templated":true}]}}